{"id":212,"date":"2020-04-07T15:24:31","date_gmt":"2020-04-07T15:24:31","guid":{"rendered":"http:\/\/avozdecambra.pt\/?p=212"},"modified":"2020-04-07T15:39:59","modified_gmt":"2020-04-07T15:39:59","slug":"fundacao-luiz-bernardo-de-almeida-contabiliza-hoje-51-utentes-infetados-com-covid-19","status":"publish","type":"post","link":"http:\/\/avozdecambra.pt\/?p=212","title":{"rendered":"H\u00e1 51 casos de COVID-19 na Funda\u00e7\u00e3o Luiz Bernardo de Almeida"},"content":{"rendered":"\n<p><strong>Subiu hoje para 51, o n\u00famero de infetados com a COVID-19, na Funda\u00e7\u00e3o Luiz Bernardo de Almeida, em Vale de Cambra. Ontem d\u00e1vamos conta de 39 pessoas infetadas com o novo coronav\u00edrus nesta Institui\u00e7\u00e3o e hoje, com a chegada dos restantes resultados dos testes, foram diagnosticados mais 12 casos positivos.<\/strong><\/p>\n\n\n\n<p>Pelo menos oito utentes do lar permanecem internados no Hospital de S. Sebasti\u00e3o em Santa Maria da Feira, alguns deles deram negativo ao teste de despistagem \u00e0 doen\u00e7a. &nbsp;<\/p>\n\n\n\n<p>Depois de realizados testes de rastreio ao novo coronav\u00edrus aos 80 utentes da Institui\u00e7\u00e3o, a Funda\u00e7\u00e3o Luiz Bernardo de Almeida conta agora com 51 casos positivos, a juntar ao \u00f3bito de uma utente de 89 anos j\u00e1 anunciado na sexta-feira.<\/p>\n\n\n\n<p>Em declara\u00e7\u00f5es ao Voz de Cambra, Jos\u00e9 Carlos Coelho, diretor da Institui\u00e7\u00e3o de Solidariedade Social (IPSS) lamentou o elevado n\u00famero de casos e assegurou que est\u00e3o reunidas todas as condi\u00e7\u00f5es para o isolamento profil\u00e1tico dos seus utentes.<\/p>\n\n\n\n<p>A Funda\u00e7\u00e3o prepara-se tamb\u00e9m para, amanh\u00e3, quarta-feira bloquear uma das alas do edif\u00edcio do lar para proceder \u00e0 sua descontamina\u00e7\u00e3o por uma equipa especializada.<\/p>\n\n\n\n<p>\u201cAmanh\u00e3, contamos com as autoridades da prote\u00e7\u00e3o civil para fazer a higieniza\u00e7\u00e3o do Lar e podermos transferir os utentes que deram resultados negativos &#8211; e que j\u00e1 se encontram em isolamento &#8211; para esta zona j\u00e1 devidamente desinfetada\u201d, adiantou hoje Jos\u00e9 Carlos Coelho.<\/p>\n\n\n\n<p>\u201cVai ser feita uma divis\u00f3ria interna no edif\u00edcio, com equipas distintas com acessos diferenciados e refeit\u00f3rios diferentes\u201d, acrescentou ainda.<\/p>\n\n\n\n<p>Contando com um quadro de cerca de 40 funcion\u00e1rios, Jos\u00e9 Carlos Coelho &#8211; que j\u00e1 tinha anteriormente tomado provid\u00eancias de isolamento domicili\u00e1rio preventivo, intercalando equipas \u2013 garante poder contar com um grupo de profissionais para prestar os cuidados necess\u00e1rios aos utentes.<\/p>\n\n\n\n<p>\u201cContamos com uma equipa de profissionais incans\u00e1vel que tudo far\u00e1 para prestar os melhores cuidados aos utentes\u201d, declarou o diretor do lar.<\/p>\n\n\n\n<p>O presidente da C\u00e2mara de Vale de Cambra, Jos\u00e9 Pinheiro referiu-se, ontem ao caso concreto do lar de idosos da Funda\u00e7\u00e3o para dizer que esta Institui\u00e7\u00e3o est\u00e1 a desenvolver todos os esfor\u00e7os para conter a propaga\u00e7\u00e3o do v\u00edrus e que conta com \u201ctotal coopera\u00e7\u00e3o do Munic\u00edpio de Vale de Cambra, que deixa ao seu dispor todos os meios que tem ao nosso alcance\u201d, assegurou.<\/p>\n","protected":false},"excerpt":{"rendered":"<p>Subiu hoje para 51, o n\u00famero de infetados com a COVID-19, na Funda\u00e7\u00e3o Luiz Bernardo de Almeida, em Vale de Cambra. Ontem d\u00e1vamos conta de 39 pessoas infetadas com o novo coronav\u00edrus nesta Institui\u00e7\u00e3o e hoje, com a chegada dos restantes resultados dos testes, foram diagnosticados mais 12 casos positivos. Pelo menos oito utentes do<\/p>\n","protected":false},"author":5,"featured_media":214,"comment_status":"open","ping_status":"open","sticky":false,"template":"","format":"standard","meta":{"_monsterinsights_skip_tracking":false,"_monsterinsights_sitenote_active":false,"_monsterinsights_sitenote_note":"","_monsterinsights_sitenote_category":0,"footnotes":""},"categories":[1],"tags":[25,10,26],"class_list":{"0":"post-212","1":"post","2":"type-post","3":"status-publish","4":"format-standard","5":"has-post-thumbnail","7":"category-atual","8":"tag-abril-2020","9":"tag-covid-19","10":"tag-fundacao-luiz-bernardo-de-almeida"},"aioseo_notices":[],"_links":{"self":[{"href":"http:\/\/avozdecambra.pt\/index.php?rest_route=\/wp\/v2\/posts\/212","targetHints":{"allow":["GET"]}}],"collection":[{"href":"http:\/\/avozdecambra.pt\/index.php?rest_route=\/wp\/v2\/posts"}],"about":[{"href":"http:\/\/avozdecambra.pt\/index.php?rest_route=\/wp\/v2\/types\/post"}],"author":[{"embeddable":true,"href":"http:\/\/avozdecambra.pt\/index.php?rest_route=\/wp\/v2\/users\/5"}],"replies":[{"embeddable":true,"href":"http:\/\/avozdecambra.pt\/index.php?rest_route=%2Fwp%2Fv2%2Fcomments&post=212"}],"version-history":[{"count":3,"href":"http:\/\/avozdecambra.pt\/index.php?rest_route=\/wp\/v2\/posts\/212\/revisions"}],"predecessor-version":[{"id":218,"href":"http:\/\/avozdecambra.pt\/index.php?rest_route=\/wp\/v2\/posts\/212\/revisions\/218"}],"wp:featuredmedia":[{"embeddable":true,"href":"http:\/\/avozdecambra.pt\/index.php?rest_route=\/wp\/v2\/media\/214"}],"wp:attachment":[{"href":"http:\/\/avozdecambra.pt\/index.php?rest_route=%2Fwp%2Fv2%2Fmedia&parent=212"}],"wp:term":[{"taxonomy":"category","embeddable":true,"href":"http:\/\/avozdecambra.pt\/index.php?rest_route=%2Fwp%2Fv2%2Fcategories&post=212"},{"taxonomy":"post_tag","embeddable":true,"href":"http:\/\/avozdecambra.pt\/index.php?rest_route=%2Fwp%2Fv2%2Ftags&post=212"}],"curies":[{"name":"wp","href":"https:\/\/api.w.org\/{rel}","templated":true}]}}