{"id":2412,"date":"2021-02-19T20:11:33","date_gmt":"2021-02-19T20:11:33","guid":{"rendered":"http:\/\/avozdecambra.pt\/?p=2412"},"modified":"2021-02-19T20:49:14","modified_gmt":"2021-02-19T20:49:14","slug":"aces-estuda-hipotese-de-criar-centro-de-vacinacao-em-vale-de-cambra","status":"publish","type":"post","link":"http:\/\/avozdecambra.pt\/?p=2412","title":{"rendered":"Covid-19. ACeS estuda possibilidade de criar Centro de Vacina\u00e7\u00e3o em Vale de Cambra"},"content":{"rendered":"\n<p><strong>Agrupamento de Centros de Sa\u00fade (ACeS) Aveiro\/Norte estuda a hip\u00f3tese de criar um Centro de Vacina\u00e7\u00e3o em Vale de Cambra, disse esta sexta-feira o diretor, Miguel Portela ao Voz de Cambra.&nbsp;<\/strong><\/p>\n\n\n\n<p>Os idosos a partir dos 80 anos e as pessoas com 50 ou mais anos e patologias associadas a maior risco em caso de covid-19, do concelho de Vale de Cambra j\u00e1 come\u00e7aram a ser vacinados.<\/p>\n\n\n\n<p>Desde esta semana, os utentes est\u00e3o a ser direcionados para S. Jo\u00e3o da Madeira que \u00e9, neste momento, o \u00fanico Centro de vacina\u00e7\u00e3o do ACeS Aveiro Norte e que mudar\u00e1 no in\u00edcio da semana para as instala\u00e7\u00f5es da Oliva Creative Factory, na zona onde funcionou o Covid drive, revelou o diretor.&nbsp;<\/p>\n\n\n\n<p>Mas o local onde s\u00e3o administradas as vacinas poder\u00e1 sofrer altera\u00e7\u00f5es, em breve.&nbsp;<\/p>\n\n\n\n<p>\u201cTemos j\u00e1 em estudo avan\u00e7ado a cria\u00e7\u00e3o de Centros de vacina\u00e7\u00e3o com as autarquias de Oliveira de Azem\u00e9is e Vale de Cambra, que logo que estejam preparados ser\u00e3o utilizados para a popula\u00e7\u00e3o desses concelhos\u201d, explica Miguel Portela.&nbsp;<\/p>\n\n\n\n<p>Esta possibilidade j\u00e1 tinha sido revelada pelo presidente da C\u00e2mara de Vale de Cambra esta semana.<\/p>\n\n\n\n<p>&#8220;Estar\u00e1 em Vale de Cambra uma equipa do ACES para avaliar os locais propostos\u201d, adiantou Jos\u00e9 Pinheiro.&nbsp;<\/p>\n\n\n\n<p>O autarca de Vale de Cambra refere que, nesta primeira fase, foram vacinados os utentes dos lares, profissionais de sa\u00fade e alguns bombeiros e que est\u00e1 programada a vacina\u00e7\u00e3o de idosos e maiores de 50 anos com patologias cr\u00f3nicas.<\/p>\n\n\n\n<p>O edil referiu-se ainda assim ao \u201cn\u00famero escasso\u201d de vacinas que, de resto, j\u00e1 foi admitido pelo Governo e que est\u00e1 a acontecer por todo o pa\u00eds.&nbsp;<\/p>\n","protected":false},"excerpt":{"rendered":"<p>Agrupamento de Centros de Sa\u00fade (ACeS) Aveiro\/Norte estuda a hip\u00f3tese de criar um Centro de Vacina\u00e7\u00e3o em Vale de Cambra, disse esta sexta-feira o diretor, Miguel Portela ao Voz de Cambra.&nbsp; Os idosos a partir dos 80 anos e as pessoas com 50 ou mais anos e patologias associadas a maior risco em caso de<\/p>\n","protected":false},"author":5,"featured_media":2413,"comment_status":"open","ping_status":"open","sticky":false,"template":"","format":"standard","meta":{"_monsterinsights_skip_tracking":false,"_monsterinsights_sitenote_active":false,"_monsterinsights_sitenote_note":"","_monsterinsights_sitenote_category":0,"footnotes":""},"categories":[1,157],"tags":[279,10,61,74],"class_list":{"0":"post-2412","1":"post","2":"type-post","3":"status-publish","4":"format-standard","5":"has-post-thumbnail","7":"category-atual","8":"category-covid-19","9":"tag-agrupamento-de-centros-de-saude-aces-aveiro-norte","10":"tag-covid-19","11":"tag-jose-pinheiro","12":"tag-miguel-portela"},"aioseo_notices":[],"_links":{"self":[{"href":"http:\/\/avozdecambra.pt\/index.php?rest_route=\/wp\/v2\/posts\/2412","targetHints":{"allow":["GET"]}}],"collection":[{"href":"http:\/\/avozdecambra.pt\/index.php?rest_route=\/wp\/v2\/posts"}],"about":[{"href":"http:\/\/avozdecambra.pt\/index.php?rest_route=\/wp\/v2\/types\/post"}],"author":[{"embeddable":true,"href":"http:\/\/avozdecambra.pt\/index.php?rest_route=\/wp\/v2\/users\/5"}],"replies":[{"embeddable":true,"href":"http:\/\/avozdecambra.pt\/index.php?rest_route=%2Fwp%2Fv2%2Fcomments&post=2412"}],"version-history":[{"count":5,"href":"http:\/\/avozdecambra.pt\/index.php?rest_route=\/wp\/v2\/posts\/2412\/revisions"}],"predecessor-version":[{"id":2421,"href":"http:\/\/avozdecambra.pt\/index.php?rest_route=\/wp\/v2\/posts\/2412\/revisions\/2421"}],"wp:featuredmedia":[{"embeddable":true,"href":"http:\/\/avozdecambra.pt\/index.php?rest_route=\/wp\/v2\/media\/2413"}],"wp:attachment":[{"href":"http:\/\/avozdecambra.pt\/index.php?rest_route=%2Fwp%2Fv2%2Fmedia&parent=2412"}],"wp:term":[{"taxonomy":"category","embeddable":true,"href":"http:\/\/avozdecambra.pt\/index.php?rest_route=%2Fwp%2Fv2%2Fcategories&post=2412"},{"taxonomy":"post_tag","embeddable":true,"href":"http:\/\/avozdecambra.pt\/index.php?rest_route=%2Fwp%2Fv2%2Ftags&post=2412"}],"curies":[{"name":"wp","href":"https:\/\/api.w.org\/{rel}","templated":true}]}}