{"id":2526,"date":"2021-03-13T21:36:00","date_gmt":"2021-03-13T21:36:00","guid":{"rendered":"http:\/\/avozdecambra.pt\/?p=2526"},"modified":"2021-03-27T12:11:57","modified_gmt":"2021-03-27T12:11:57","slug":"centro-de-vacinacao-abre-na-proxima-quarta-feira-em-vale-de-cambra-2","status":"publish","type":"post","link":"http:\/\/avozdecambra.pt\/?p=2526","title":{"rendered":"Centro de Vacina\u00e7\u00e3o abre na pr\u00f3xima quarta-feira em Vale de Cambra"},"content":{"rendered":"\n<p><strong>Centro de vacina\u00e7\u00e3o de Vale de Cambra vai come\u00e7ar a funcionar na pr\u00f3xima quarta-feira e, no domingo a seguir, ser\u00e3o vacinados os professores, revelou este s\u00e1bado Jos\u00e9 Pinheiro ao Voz de Cambra, de visita \u00e0s instala\u00e7\u00f5es.&nbsp;<\/strong><\/p>\n\n\n\n<p>O centro de vacina\u00e7\u00e3o de Vale de Cambra est\u00e1 situado no Pavilh\u00e3o Il\u00eddio Pedro que j\u00e1 est\u00e1 preparado para receber os 12 profissionais de sa\u00fade e funcion\u00e1rios da autarquia.&nbsp;<\/p>\n\n\n\n<p>O edif\u00edcio do Grupo Desportivo e Cultural de Lordelo em Vila Ch\u00e3, foi adaptado para o efeito para responder aos requisitos apresentados pela Dire\u00e7\u00e3o-Geral de Sa\u00fade (DGS), revelou este s\u00e1bado o presidente da C\u00e2mara de Vale de Cambra, Jos\u00e9 Pinheiro ao Voz de Cambra.&nbsp;<\/p>\n\n\n\n<p>Com um investimento de cerca de 30 mil euros, o espa\u00e7o est\u00e1 composto com quatro postos de vacina\u00e7\u00e3o, um gabinete m\u00e9dico, uma sala de prepara\u00e7\u00e3o de vacinas e um espa\u00e7o de arrumos, sinal\u00e9tica especifica e estar\u00e1 a funcionar de segunda-feira a domingo, no per\u00edodo das 09:00 \u00e0s 19:00.<\/p>\n\n\n\n<p>A estrutura tem dispon\u00edvel cerca de 60 lugares de estacionamento.&nbsp;<\/p>\n\n\n\n<p>Na pr\u00f3xima quarta-feira, o centro de vacina\u00e7\u00e3o abre ao p\u00fablico e, no domingo a seguir (21 de mar\u00e7o) vacinar\u00e1 os professores das escolas do concelho.&nbsp;<\/p>\n\n\n\n<p>Esta foi a altura \u201cideal\u201d para colocar em funcionamento o Centro de Vacina\u00e7\u00e3o em Vale de Cambra, montado numa semana, entre a aprova\u00e7\u00e3o do Agrupamento de Centros de Sa\u00fade (ACeS) Aveiro Norte e a operacionaliza\u00e7\u00e3o da sua montagem, lembra o autarca.&nbsp;<\/p>\n\n\n\n<p>\u201cCri\u00e1mos o nosso centro de vacina\u00e7\u00e3o no momento certo. Tivemos em conta as recomenda\u00e7\u00f5es que o coordenador da \u2018task force\u2019 do Plano Nacional de Vacina\u00e7\u00e3o contra a covid-19, fez aos munic\u00edpios para que n\u00e3o se precipitassem na cria\u00e7\u00e3o destas estruturas porque iam-se criar os centos de vacina\u00e7\u00e3o e depois n\u00e3o existiam vacinas, nem profissionais para os p\u00f4r a trabalhar\u201d, explica Jos\u00e9 Pinheiro.<\/p>\n\n\n\n<p>O edil referiu que o centro de vacina\u00e7\u00e3o vem trazer&nbsp; um&nbsp;servi\u00e7o de maior proximidade e conforto \u00e0 popula\u00e7\u00e3o mais idosa e tamb\u00e9m aos que n\u00e3o t\u00eam condi\u00e7\u00f5es para se deslocarem.&nbsp;<\/p>\n\n\n\n<p>\u201cA C\u00e2mara vai continuar a disponibilizar o transporte \u00e0queles que o solicitem e mostrem que n\u00e3o t\u00eam condi\u00e7\u00f5es para o fazer e sempre em articula\u00e7\u00e3o com o ACeS. A proximidade desta estrutura \u00e9 tamb\u00e9m ben\u00e9fica para a popula\u00e7\u00e3o que reside a mais de 20 quil\u00f3metros do centro da cidade e que, neste momento, est\u00e1 a sofrer com a redu\u00e7\u00e3o da oferta de transportes p\u00fablicos\u201d. &nbsp;<\/p>\n\n\n\n<p>Segundo o presidente, o objetivo \u00e9 vacinar toda a popula\u00e7\u00e3o, mas admite que,&nbsp;nesta fase, as vacinas s\u00e3o poucas.<\/p>\n\n\n\n<p>\u201cTendo em conta que j\u00e1 foram vacinadas mais de 1000 pessoas, quer dizer que faltam vacinar cerca de 20 mil pessoas, com a&nbsp; primeira e depois com a segunda dose\u201d, frisa.<\/p>\n\n\n\n<p>At\u00e9 ao momento e segundo os dados a que a Voz de Cambra teve acesso, atrav\u00e9s do ACeS, 6% da popula\u00e7\u00e3o (22\u00a0864 habitantes) j\u00e1 foi vacinadas com pelo menos uma dose, o que quer dizer que foram administradas 1780 vacinas at\u00e9 esta semana. Deste total, entre utentes e funcion\u00e1rios das Estruturas Residenciais para Idosos (ERPI) e similares do concelho, 804 j\u00e1 tem as duas doses do imunizante e 117 s\u00f3 ainda levou a primeira vacina.\u00a0No que diz respeito \u00e0 faixa et\u00e1ria dos 80 ou mais anos, j\u00e1 foram vacinados 673 pessoas. Quanto \u00e0 popula\u00e7\u00e3o com mais de 50 anos e menos de 65, foram vacinadas 186 pessoas. \u00a0<\/p>\n\n\n\n<p>A entidade respons\u00e1vel \u00e9 o Agrupamento de Centros de Sa\u00fade (ACeS) Aveiro\/Norte que diz ter como objetivo \u201cvacinar o m\u00e1ximo de utentes poss\u00edvel\u201d, contra a covid-19, nos munic\u00edpios de Vale de Cambra, Oliveira de Azem\u00e9is e S. Jo\u00e3o da Madeira.<\/p>\n\n\n\n<p>At\u00e9 ao momento, a popula\u00e7\u00e3o de Vale de Cambra foi vacinada, primeiro no Centro de Sa\u00fade e depois nas instala\u00e7\u00f5es da Oliva Creative Factory, em S. Jo\u00e3o da Madeira.&nbsp;<\/p>\n\n\n\n<p>A pandemia de Covid-19 j\u00e1 provocou 24 mortes no concelho e 1824 casos de infe\u00e7\u00e3o confirmados por acumula\u00e7\u00e3o, at\u00e9 ao momento.&nbsp;<\/p>\n\n\n\n<p>De acordo com o boletim mais recente da DGS, Vale de Cambra situa-se agora entre os concelhos com risco \u201cmoderado\u201d, o que quer dizer se situa entre 120,0 e 239,9 casos&nbsp;de novos casos por 100 mil habitantes. Os n\u00fameros t\u00eam vindo a descer significativamente, chegando mesmo a ter dias sem qualquer novo caso, mas a situa\u00e7\u00e3o continua a ser de preven\u00e7\u00e3o, alerta o autarca de Vale de Cambra.&nbsp;<\/p>\n","protected":false},"excerpt":{"rendered":"<p>Centro de vacina\u00e7\u00e3o de Vale de Cambra vai come\u00e7ar a funcionar na pr\u00f3xima quarta-feira e, no domingo a seguir, ser\u00e3o vacinados os professores, revelou este s\u00e1bado Jos\u00e9 Pinheiro ao Voz de Cambra, de visita \u00e0s instala\u00e7\u00f5es.&nbsp; O centro de vacina\u00e7\u00e3o de Vale de Cambra est\u00e1 situado no Pavilh\u00e3o Il\u00eddio Pedro que j\u00e1 est\u00e1 preparado para<\/p>\n","protected":false},"author":5,"featured_media":2516,"comment_status":"open","ping_status":"open","sticky":false,"template":"","format":"standard","meta":{"_monsterinsights_skip_tracking":false,"_monsterinsights_sitenote_active":false,"_monsterinsights_sitenote_note":"","_monsterinsights_sitenote_category":0,"footnotes":""},"categories":[1,157],"tags":[76,32,286,10,61,261],"class_list":{"0":"post-2526","1":"post","2":"type-post","3":"status-publish","4":"format-standard","5":"has-post-thumbnail","7":"category-atual","8":"category-covid-19","9":"tag-aces-aveiro-norte","10":"tag-camara-municipal-de-vale-de-cambra","11":"tag-centro-de-vacinacao","12":"tag-covid-19","13":"tag-jose-pinheiro","14":"tag-vacina-contra-a-covid-19"},"aioseo_notices":[],"_links":{"self":[{"href":"http:\/\/avozdecambra.pt\/index.php?rest_route=\/wp\/v2\/posts\/2526","targetHints":{"allow":["GET"]}}],"collection":[{"href":"http:\/\/avozdecambra.pt\/index.php?rest_route=\/wp\/v2\/posts"}],"about":[{"href":"http:\/\/avozdecambra.pt\/index.php?rest_route=\/wp\/v2\/types\/post"}],"author":[{"embeddable":true,"href":"http:\/\/avozdecambra.pt\/index.php?rest_route=\/wp\/v2\/users\/5"}],"replies":[{"embeddable":true,"href":"http:\/\/avozdecambra.pt\/index.php?rest_route=%2Fwp%2Fv2%2Fcomments&post=2526"}],"version-history":[{"count":2,"href":"http:\/\/avozdecambra.pt\/index.php?rest_route=\/wp\/v2\/posts\/2526\/revisions"}],"predecessor-version":[{"id":2743,"href":"http:\/\/avozdecambra.pt\/index.php?rest_route=\/wp\/v2\/posts\/2526\/revisions\/2743"}],"wp:featuredmedia":[{"embeddable":true,"href":"http:\/\/avozdecambra.pt\/index.php?rest_route=\/wp\/v2\/media\/2516"}],"wp:attachment":[{"href":"http:\/\/avozdecambra.pt\/index.php?rest_route=%2Fwp%2Fv2%2Fmedia&parent=2526"}],"wp:term":[{"taxonomy":"category","embeddable":true,"href":"http:\/\/avozdecambra.pt\/index.php?rest_route=%2Fwp%2Fv2%2Fcategories&post=2526"},{"taxonomy":"post_tag","embeddable":true,"href":"http:\/\/avozdecambra.pt\/index.php?rest_route=%2Fwp%2Fv2%2Ftags&post=2526"}],"curies":[{"name":"wp","href":"https:\/\/api.w.org\/{rel}","templated":true}]}}