{"id":259,"date":"2020-04-09T19:07:28","date_gmt":"2020-04-09T19:07:28","guid":{"rendered":"http:\/\/avozdecambra.pt\/?p=259"},"modified":"2020-04-11T13:04:00","modified_gmt":"2020-04-11T13:04:00","slug":"um-vale-de-uniao","status":"publish","type":"post","link":"http:\/\/avozdecambra.pt\/?p=259","title":{"rendered":"Um Vale de Uni\u00e3o"},"content":{"rendered":"\n<p>Tenho um amor incontorn\u00e1vel \u00e0 minha terra. E este amor existe porque nasci numa terra de gente criadora, trabalhadora, humilde e dedicada. Habituada, por sinal, a ultrapassar dificuldades.<\/p>\n\n\n\n<p>A forma de como passamos a olhar para o nosso dia a dia mudou, precisamente, porque fomos obrigados a faz\u00ea-lo. Uns mais cedo, outros mais tarde. Mas f\u00e1cil se entendeu que acabou por ser un\u00e2nime a conscientiza\u00e7\u00e3o de cada um de n\u00f3s.<\/p>\n\n\n\n<p>Em pouco tempo ficou impl\u00edcito, para o bem de todos, que o caminho a seguir teria de passar pelo confinamento \u00e0 nossa habita\u00e7\u00e3o e pela ado\u00e7\u00e3o do distanciamento social. Ficamos reduzidos ao estritamente necess\u00e1rio, fazendo com que todos (ou a grande maioria) se obrigassem a parar. E talvez o mundo, com esta paragem que se sucedeu, acabou por entender o qu\u00e3o fundamental \u00e9 o valor de um simples abra\u00e7o ou de um carinho junto de quem nos \u00e9 pr\u00f3ximo. E que a pressa, muitas vezes, num corre-corre di\u00e1rio, nos afasta daquilo que \u00e9 mais importante na nossa vida.<\/p>\n\n\n\n<p>O contacto que era de f\u00e1cil acesso deixou de o ser. Tornou-se digital. Deixou de ser palp\u00e1vel. Tivemos de nos adaptar \u00e0s condi\u00e7\u00f5es de um novo quotidiano que, entre a manh\u00e3 e a noite, na sombra do mesmo tema, repetidamente, se ecoou. Ficamos preocupados e sensibilizados. Porque se trata do nosso povo e porque falamos do direito \u00e0 vida que deve ser garantido a toda a humanidade. E n\u00e3o h\u00e1 dinheiro algum que pague a vida de um ser humano.<\/p>\n\n\n\n<p>De entre os dados que nos chegam das entidades oficiais, surgem tamb\u00e9m sinais de esperan\u00e7a de her\u00f3is que incansavelmente, nas v\u00e1rias frentes de batalha, dedicam o seu tempo para proteger, recuperar e salvar pessoas. Falo dos maravilhosos agentes do setor alimentar, dos transportes, bombeiros, INEM, for\u00e7as de seguran\u00e7a, auxiliares e t\u00e9cnicos das IPSS\u2019s, profissionais de sa\u00fade, entre todos aqueles que diariamente trabalham para que n\u00e3o falte nada \u00e0s fam\u00edlias e para que tudo seja feito para ultrapassar as dificuldades de quem mais precisa. E aqui cabem todos, sem exce\u00e7\u00e3o.<\/p>\n\n\n\n<p>A uni\u00e3o do nosso povo \u00e9 de tal forma impar\u00e1vel, que muitos s\u00e3o os que se unem em prol da humanidade para ajudar. S\u00e3o particulares e empresas que demonstram a sua solidariedade, ao ajudarem as nossas institui\u00e7\u00f5es, dotando-as de recursos financeiros e materiais t\u00e3o essenciais para combaterem a sua luta. Tamb\u00e9m estes, desprovidos de qualquer interesse, merecem um reconhecimento especial. Porque se uniram de forma ordenada e organizada em prol do bem comum, sem pedirem nada em troca, assumindo um papel fulcral nesta altura t\u00e3o necess\u00e1ria.<\/p>\n\n\n\n<p>S\u00e3o <em>\u201cher\u00f3is de m\u00e1scara\u201d <\/em>que d\u00e3o uma esperan\u00e7a redobrada ao mundo. E s\u00e3o estes, no fundo, que merecem a nossa v\u00e9nia e um eterno obrigado.<\/p>\n\n\n\n<p>Quando a humanidade se junta, s\u00f3 saem coisas destas. E n\u00f3s, em Vale de Cambra, somos (e temos de continuar a ser) assim! Obrigado, Vale de Cambra!<\/p>\n\n\n\n<p>At\u00e9 j\u00e1.<\/p>\n","protected":false},"excerpt":{"rendered":"<p>Tenho um amor incontorn\u00e1vel \u00e0 minha terra. E este amor existe porque nasci numa terra de gente criadora, trabalhadora, humilde e dedicada. Habituada, por sinal, a ultrapassar dificuldades. A forma de como passamos a olhar para o nosso dia a dia mudou, precisamente, porque fomos obrigados a faz\u00ea-lo. Uns mais cedo, outros mais tarde. Mas<\/p>\n","protected":false},"author":5,"featured_media":284,"comment_status":"open","ping_status":"open","sticky":false,"template":"","format":"standard","meta":{"_monsterinsights_skip_tracking":false,"_monsterinsights_sitenote_active":false,"_monsterinsights_sitenote_note":"","_monsterinsights_sitenote_category":0,"footnotes":""},"categories":[7],"tags":[39,10],"class_list":{"0":"post-259","1":"post","2":"type-post","3":"status-publish","4":"format-standard","5":"has-post-thumbnail","7":"category-opiniao","8":"tag-andre-machado","9":"tag-covid-19"},"aioseo_notices":[],"_links":{"self":[{"href":"http:\/\/avozdecambra.pt\/index.php?rest_route=\/wp\/v2\/posts\/259","targetHints":{"allow":["GET"]}}],"collection":[{"href":"http:\/\/avozdecambra.pt\/index.php?rest_route=\/wp\/v2\/posts"}],"about":[{"href":"http:\/\/avozdecambra.pt\/index.php?rest_route=\/wp\/v2\/types\/post"}],"author":[{"embeddable":true,"href":"http:\/\/avozdecambra.pt\/index.php?rest_route=\/wp\/v2\/users\/5"}],"replies":[{"embeddable":true,"href":"http:\/\/avozdecambra.pt\/index.php?rest_route=%2Fwp%2Fv2%2Fcomments&post=259"}],"version-history":[{"count":1,"href":"http:\/\/avozdecambra.pt\/index.php?rest_route=\/wp\/v2\/posts\/259\/revisions"}],"predecessor-version":[{"id":261,"href":"http:\/\/avozdecambra.pt\/index.php?rest_route=\/wp\/v2\/posts\/259\/revisions\/261"}],"wp:featuredmedia":[{"embeddable":true,"href":"http:\/\/avozdecambra.pt\/index.php?rest_route=\/wp\/v2\/media\/284"}],"wp:attachment":[{"href":"http:\/\/avozdecambra.pt\/index.php?rest_route=%2Fwp%2Fv2%2Fmedia&parent=259"}],"wp:term":[{"taxonomy":"category","embeddable":true,"href":"http:\/\/avozdecambra.pt\/index.php?rest_route=%2Fwp%2Fv2%2Fcategories&post=259"},{"taxonomy":"post_tag","embeddable":true,"href":"http:\/\/avozdecambra.pt\/index.php?rest_route=%2Fwp%2Fv2%2Ftags&post=259"}],"curies":[{"name":"wp","href":"https:\/\/api.w.org\/{rel}","templated":true}]}}