{"id":2792,"date":"2021-04-06T16:41:22","date_gmt":"2021-04-06T16:41:22","guid":{"rendered":"http:\/\/avozdecambra.pt\/?p=2792"},"modified":"2021-04-06T16:58:03","modified_gmt":"2021-04-06T16:58:03","slug":"operacao-censos-2021-arrancou-segunda-feira-assente-preferencialmente-na-internet","status":"publish","type":"post","link":"http:\/\/avozdecambra.pt\/?p=2792","title":{"rendered":"Opera\u00e7\u00e3o Censos 2021 arrancou na segunda-feira assente preferencialmente na Internet"},"content":{"rendered":"\n<p><strong>A opera\u00e7\u00e3o Censos 2021 come\u00e7ou esta segunda-feira com a entrega das cartas que habilitam os cidad\u00e3os a responder pela Internet \u00e0s perguntas do recenseamento, condicionado este ano pela pandemia da covid-19.<\/strong><\/p>\n\n\n\n<p>Desde esta segunda-feira,&nbsp;os agregados familiares come\u00e7am a receber cartas com c\u00f3digos e palavras-passe que servir\u00e3o para aceder a censos2021.ine.pt, onde poder\u00e3o dar as suas respostas a partir de 19 de abril.<\/p>\n\n\n\n<p>A popula\u00e7\u00e3o tem at\u00e9 03 de maio para enviar as suas respostas.&nbsp;<\/p>\n\n\n\n<p>As respostas pela Internet s\u00e3o o modo preferencial, com a aplica\u00e7\u00e3o e-Censos acess\u00edvel por computador, tablet e telem\u00f3vel, mas o Instituto Nacional de Estat\u00edstica (INE) d\u00e1 outras alternativas.&nbsp;<\/p>\n\n\n\n<p>Para quem n\u00e3o tenha maneira de aceder \u00e0 Internet ou n\u00e3o possa ser contactada presencialmente poder\u00e1 usar o n\u00famero de apoio 210542021 para poder responder, pode ainda usar o e-balc\u00e3o na sua junta de freguesia ou preencher os question\u00e1rios em papel entregues pelos recenseadores.<\/p>\n\n\n\n<p>Este trabalho presencial dos recenceadores, que foram recrutados pelo INE entre fim de janeiro e abril, entrar\u00e3o em cena a partir de 31 de maio para recolher as respostas que ainda n\u00e3o tenham chegado por telefone ou pelos meios eletr\u00f3nicos.<\/p>\n\n\n\n<p>Os recenceadores seguem um protocolo de Sa\u00fade P\u00fablica, devido \u00e0 pandemia, refere a autarquia de Vale de Cambra, em nota de imprensa. <\/p>\n\n\n\n<p>\u201cOs recenseadores andam identificados e com m\u00e1scaras de prote\u00e7\u00e3o\u201d, refere o comunicado.<\/p>\n\n\n\n<p>A C\u00e2mara de Vale de Cambra avisa a popula\u00e7\u00e3o de que os recenceadores \u201cnunca pedir\u00e3o para entrar dentro de casa, pedir dinheiro ou quaisquer refer\u00eancias banc\u00e1rias\u201d.&nbsp;<\/p>\n\n\n\n<hr class=\"wp-block-separator\"\/>\n\n\n\n<p>Recorde-se de que o \u00faltimos censos foram feitos h\u00e1 dez anos, em 2011 e que, cerca de 50% das respostas foram dadas pela Internet, um valor que o Instituto Nacional de Estat\u00edstica espera ver aumentado neste ano.&nbsp;<\/p>\n","protected":false},"excerpt":{"rendered":"<p>A opera\u00e7\u00e3o Censos 2021 come\u00e7ou esta segunda-feira com a entrega das cartas que habilitam os cidad\u00e3os a responder pela Internet \u00e0s perguntas do recenseamento, condicionado este ano pela pandemia da covid-19. Desde esta segunda-feira,&nbsp;os agregados familiares come\u00e7am a receber cartas com c\u00f3digos e palavras-passe que servir\u00e3o para aceder a censos2021.ine.pt, onde poder\u00e3o dar as suas<\/p>\n","protected":false},"author":5,"featured_media":2795,"comment_status":"open","ping_status":"open","sticky":false,"template":"","format":"standard","meta":{"_monsterinsights_skip_tracking":false,"_monsterinsights_sitenote_active":false,"_monsterinsights_sitenote_note":"","_monsterinsights_sitenote_category":0,"footnotes":""},"categories":[1],"tags":[310],"class_list":{"0":"post-2792","1":"post","2":"type-post","3":"status-publish","4":"format-standard","5":"has-post-thumbnail","7":"category-atual","8":"tag-censos-2021"},"aioseo_notices":[],"_links":{"self":[{"href":"http:\/\/avozdecambra.pt\/index.php?rest_route=\/wp\/v2\/posts\/2792","targetHints":{"allow":["GET"]}}],"collection":[{"href":"http:\/\/avozdecambra.pt\/index.php?rest_route=\/wp\/v2\/posts"}],"about":[{"href":"http:\/\/avozdecambra.pt\/index.php?rest_route=\/wp\/v2\/types\/post"}],"author":[{"embeddable":true,"href":"http:\/\/avozdecambra.pt\/index.php?rest_route=\/wp\/v2\/users\/5"}],"replies":[{"embeddable":true,"href":"http:\/\/avozdecambra.pt\/index.php?rest_route=%2Fwp%2Fv2%2Fcomments&post=2792"}],"version-history":[{"count":3,"href":"http:\/\/avozdecambra.pt\/index.php?rest_route=\/wp\/v2\/posts\/2792\/revisions"}],"predecessor-version":[{"id":2797,"href":"http:\/\/avozdecambra.pt\/index.php?rest_route=\/wp\/v2\/posts\/2792\/revisions\/2797"}],"wp:featuredmedia":[{"embeddable":true,"href":"http:\/\/avozdecambra.pt\/index.php?rest_route=\/wp\/v2\/media\/2795"}],"wp:attachment":[{"href":"http:\/\/avozdecambra.pt\/index.php?rest_route=%2Fwp%2Fv2%2Fmedia&parent=2792"}],"wp:term":[{"taxonomy":"category","embeddable":true,"href":"http:\/\/avozdecambra.pt\/index.php?rest_route=%2Fwp%2Fv2%2Fcategories&post=2792"},{"taxonomy":"post_tag","embeddable":true,"href":"http:\/\/avozdecambra.pt\/index.php?rest_route=%2Fwp%2Fv2%2Ftags&post=2792"}],"curies":[{"name":"wp","href":"https:\/\/api.w.org\/{rel}","templated":true}]}}