{"id":2979,"date":"2021-05-04T16:52:14","date_gmt":"2021-05-04T16:52:14","guid":{"rendered":"http:\/\/avozdecambra.pt\/?p=2979"},"modified":"2021-05-04T16:55:45","modified_gmt":"2021-05-04T16:55:45","slug":"vale-de-cambra-assinala-mes-do-coracaocom-atividades-para-manter-o-coracao-em-forma","status":"publish","type":"post","link":"http:\/\/avozdecambra.pt\/?p=2979","title":{"rendered":"Vale de Cambra assinala \u201cM\u00eas do cora\u00e7\u00e3o\u201d com atividades para manter o \u201cCora\u00e7\u00e3o em forma\u201d"},"content":{"rendered":"\n<p><strong>Numa parceria entre a C\u00e2mara Municipal e as Piscinas Municipais e os gin\u00e1sios do concelho, o \u2018M\u00eas do Cora\u00e7\u00e3o\u2019 em Vale de Cambra vai contemplar v\u00e1rias atividades abertas a toda a popula\u00e7\u00e3o, para manter o \u201cCora\u00e7\u00e3o em forma\u201d.&nbsp;<\/strong><\/p>\n\n\n\n<p>Atividade f\u00edsicas na Piscina Municipal, pilates, treino funcional, Hiit, Gap e zumba, s\u00e3o algumas das sess\u00f5es em que a popula\u00e7\u00e3o se pode inscrever, para realizar atividades ao ar livre, nos gin\u00e1sios e Piscina Municipal de Vale de Cambra. &nbsp;<\/p>\n\n\n\n<p>Sob o lema \u2018Cora\u00e7\u00e3o em forma\u2019 e com o principal objetivo de consciencializar os mun\u00edcipes para a problem\u00e1tica das doen\u00e7as cardiovasculares, o programa come\u00e7ou esta ter\u00e7a-feira, seguindo-se v\u00e1rias iniciativas, que terminam a 28 de maio.<\/p>\n\n\n\n<figure class=\"wp-block-image size-large\"><img loading=\"lazy\" decoding=\"async\" width=\"723\" height=\"1024\" src=\"http:\/\/avozdecambra.pt\/wp-content\/uploads\/2021\/05\/182621297_3896118820465166_3993851055607190019_n-723x1024.jpeg\" alt=\"\" class=\"wp-image-2984\" srcset=\"http:\/\/avozdecambra.pt\/wp-content\/uploads\/2021\/05\/182621297_3896118820465166_3993851055607190019_n-723x1024.jpeg 723w, http:\/\/avozdecambra.pt\/wp-content\/uploads\/2021\/05\/182621297_3896118820465166_3993851055607190019_n-212x300.jpeg 212w, http:\/\/avozdecambra.pt\/wp-content\/uploads\/2021\/05\/182621297_3896118820465166_3993851055607190019_n-768x1088.jpeg 768w, http:\/\/avozdecambra.pt\/wp-content\/uploads\/2021\/05\/182621297_3896118820465166_3993851055607190019_n-1084x1536.jpeg 1084w, http:\/\/avozdecambra.pt\/wp-content\/uploads\/2021\/05\/182621297_3896118820465166_3993851055607190019_n.jpeg 1445w\" sizes=\"auto, (max-width: 723px) 100vw, 723px\" \/><\/figure>\n","protected":false},"excerpt":{"rendered":"<p>Numa parceria entre a C\u00e2mara Municipal e as Piscinas Municipais e os gin\u00e1sios do concelho, o \u2018M\u00eas do Cora\u00e7\u00e3o\u2019 em Vale de Cambra vai contemplar v\u00e1rias atividades abertas a toda a popula\u00e7\u00e3o, para manter o \u201cCora\u00e7\u00e3o em forma\u201d.&nbsp; Atividade f\u00edsicas na Piscina Municipal, pilates, treino funcional, Hiit, Gap e zumba, s\u00e3o algumas das sess\u00f5es em<\/p>\n","protected":false},"author":5,"featured_media":2980,"comment_status":"open","ping_status":"open","sticky":false,"template":"","format":"standard","meta":{"_monsterinsights_skip_tracking":false,"_monsterinsights_sitenote_active":false,"_monsterinsights_sitenote_note":"","_monsterinsights_sitenote_category":0,"footnotes":""},"categories":[1],"tags":[115,366],"class_list":{"0":"post-2979","1":"post","2":"type-post","3":"status-publish","4":"format-standard","5":"has-post-thumbnail","7":"category-atual","8":"tag-maio","9":"tag-mes-do-coracao"},"aioseo_notices":[],"_links":{"self":[{"href":"http:\/\/avozdecambra.pt\/index.php?rest_route=\/wp\/v2\/posts\/2979","targetHints":{"allow":["GET"]}}],"collection":[{"href":"http:\/\/avozdecambra.pt\/index.php?rest_route=\/wp\/v2\/posts"}],"about":[{"href":"http:\/\/avozdecambra.pt\/index.php?rest_route=\/wp\/v2\/types\/post"}],"author":[{"embeddable":true,"href":"http:\/\/avozdecambra.pt\/index.php?rest_route=\/wp\/v2\/users\/5"}],"replies":[{"embeddable":true,"href":"http:\/\/avozdecambra.pt\/index.php?rest_route=%2Fwp%2Fv2%2Fcomments&post=2979"}],"version-history":[{"count":4,"href":"http:\/\/avozdecambra.pt\/index.php?rest_route=\/wp\/v2\/posts\/2979\/revisions"}],"predecessor-version":[{"id":2985,"href":"http:\/\/avozdecambra.pt\/index.php?rest_route=\/wp\/v2\/posts\/2979\/revisions\/2985"}],"wp:featuredmedia":[{"embeddable":true,"href":"http:\/\/avozdecambra.pt\/index.php?rest_route=\/wp\/v2\/media\/2980"}],"wp:attachment":[{"href":"http:\/\/avozdecambra.pt\/index.php?rest_route=%2Fwp%2Fv2%2Fmedia&parent=2979"}],"wp:term":[{"taxonomy":"category","embeddable":true,"href":"http:\/\/avozdecambra.pt\/index.php?rest_route=%2Fwp%2Fv2%2Fcategories&post=2979"},{"taxonomy":"post_tag","embeddable":true,"href":"http:\/\/avozdecambra.pt\/index.php?rest_route=%2Fwp%2Fv2%2Ftags&post=2979"}],"curies":[{"name":"wp","href":"https:\/\/api.w.org\/{rel}","templated":true}]}}