{"id":3175,"date":"2021-06-03T21:23:27","date_gmt":"2021-06-03T21:23:27","guid":{"rendered":"http:\/\/avozdecambra.pt\/?p=3175"},"modified":"2021-06-03T21:23:28","modified_gmt":"2021-06-03T21:23:28","slug":"vale-de-cambra-continua-em-risco-de-recuar-no-desconfinamento","status":"publish","type":"post","link":"http:\/\/avozdecambra.pt\/?p=3175","title":{"rendered":"Vale de Cambra continua em risco de recuar no desconfinamento"},"content":{"rendered":"\n<p><strong>Vale de Cambra mant\u00e9m-se, esta quinta-feira, na situa\u00e7\u00e3o de alerta, ou seja em risco de recuar no desconfinamento, junto com os con<\/strong>c<strong>elhos de Lisboa, Salvaterra de Magos, Braga, Cantanhede e Castelo de Paiva.\u00a0<\/strong><\/p>\n\n\n\n<p>H\u00e1 agora seis concelhos em alerta por registarem mais de 120 casos de covid-19 por 100 mil habitantes: Lisboa, Salvaterra de Magos e Vale de Cambra, que se mant\u00eam nessa situa\u00e7\u00e3o, e a estes juntam-se agora, Braga, Cantanhede e Castelo de Paiva.\u00a0Chamusca, Tavira, Vila do Bispo e Vila Nova de Paiva sa\u00edram desta situa\u00e7\u00e3o epidemiol\u00f3gica.<\/p>\n\n\n\n<p>Apesar de Vale de Cambra n\u00e3o ter recuado, esta quinta-feira, no plano de desconfinamento, a reavalia\u00e7\u00e3o da situa\u00e7\u00e3o epidemiol\u00f3gica, o concelho mant\u00e9m-se e m crescendo no n\u00famero de novas infe\u00e7\u00f5es pela covid-19.&nbsp;<\/p>\n\n\n\n<p>Com a data de refer\u00eancia a 31 de maio, o concelho tem neste per\u00edodo, 178,2 casos por 100 000 habitantes, o que ultrapassa o limite de 120 casos.&nbsp;<\/p>\n\n\n\n<p>Recorde-se que Vale de Cambra se mant\u00e9m neste registo de alerta desde desde a semana passada, para qual o autarca de Vale de Cambra Jos\u00e9 Pinheiro tem pedido especial aten\u00e7\u00e3o e cuidados redobrados para que o conselho n\u00e3o volte a confinar.\u00a0<\/p>\n\n\n\n<p>\u2026\u2026<\/p>\n\n\n\n<p>A atualiza\u00e7\u00e3o do mapa de risco da covid-19 teve, esta quinta-feira, em conta as novas regras para territ\u00f3rios de baixa densidade, revelou em confer\u00eancia de imprensa o primeiro-ministro, Ant\u00f3nio Costa.<\/p>\n\n\n\n<p>A partir de agora, a atual matriz de risco se vai manter, mas vai passar a diferenciar os territ\u00f3rios de baixa densidade populacional, em rela\u00e7\u00e3o aos restantes, que s\u00f3 recuam no desconfinamento se excederem o dobro do limiar de risco atualmente fixado, ou seja, em vez de 120 casos de covid-19 por 100 mil habitantes passam para 240 casos por 100 mil habitantes.<\/p>\n\n\n\n<p>Para a fase em que se encontram quer todos os restantes concelhos, avan\u00e7aram os concelhos de Arganil e Montalegre e Goleg\u00e3 e Odemira v\u00e3o manter-se ainda um passo atr\u00e1s no desconfinamento, com as regras que estavam em vigor na terceira fase do plano de desconfinamento, de 19 de abril.<\/p>\n","protected":false},"excerpt":{"rendered":"<p>Vale de Cambra mant\u00e9m-se, esta quinta-feira, na situa\u00e7\u00e3o de alerta, ou seja em risco de recuar no desconfinamento, junto com os concelhos de Lisboa, Salvaterra de Magos, Braga, Cantanhede e Castelo de Paiva.\u00a0 H\u00e1 agora seis concelhos em alerta por registarem mais de 120 casos de covid-19 por 100 mil habitantes: Lisboa, Salvaterra de Magos<\/p>\n","protected":false},"author":5,"featured_media":3176,"comment_status":"open","ping_status":"open","sticky":false,"template":"","format":"standard","meta":{"_monsterinsights_skip_tracking":false,"_monsterinsights_sitenote_active":false,"_monsterinsights_sitenote_note":"","_monsterinsights_sitenote_category":0,"footnotes":""},"categories":[1,157],"tags":[10,285],"class_list":{"0":"post-3175","1":"post","2":"type-post","3":"status-publish","4":"format-standard","5":"has-post-thumbnail","7":"category-atual","8":"category-covid-19","9":"tag-covid-19","10":"tag-desconfinamento"},"aioseo_notices":[],"_links":{"self":[{"href":"http:\/\/avozdecambra.pt\/index.php?rest_route=\/wp\/v2\/posts\/3175","targetHints":{"allow":["GET"]}}],"collection":[{"href":"http:\/\/avozdecambra.pt\/index.php?rest_route=\/wp\/v2\/posts"}],"about":[{"href":"http:\/\/avozdecambra.pt\/index.php?rest_route=\/wp\/v2\/types\/post"}],"author":[{"embeddable":true,"href":"http:\/\/avozdecambra.pt\/index.php?rest_route=\/wp\/v2\/users\/5"}],"replies":[{"embeddable":true,"href":"http:\/\/avozdecambra.pt\/index.php?rest_route=%2Fwp%2Fv2%2Fcomments&post=3175"}],"version-history":[{"count":1,"href":"http:\/\/avozdecambra.pt\/index.php?rest_route=\/wp\/v2\/posts\/3175\/revisions"}],"predecessor-version":[{"id":3177,"href":"http:\/\/avozdecambra.pt\/index.php?rest_route=\/wp\/v2\/posts\/3175\/revisions\/3177"}],"wp:featuredmedia":[{"embeddable":true,"href":"http:\/\/avozdecambra.pt\/index.php?rest_route=\/wp\/v2\/media\/3176"}],"wp:attachment":[{"href":"http:\/\/avozdecambra.pt\/index.php?rest_route=%2Fwp%2Fv2%2Fmedia&parent=3175"}],"wp:term":[{"taxonomy":"category","embeddable":true,"href":"http:\/\/avozdecambra.pt\/index.php?rest_route=%2Fwp%2Fv2%2Fcategories&post=3175"},{"taxonomy":"post_tag","embeddable":true,"href":"http:\/\/avozdecambra.pt\/index.php?rest_route=%2Fwp%2Fv2%2Ftags&post=3175"}],"curies":[{"name":"wp","href":"https:\/\/api.w.org\/{rel}","templated":true}]}}