{"id":3401,"date":"2021-07-03T22:54:58","date_gmt":"2021-07-03T22:54:58","guid":{"rendered":"http:\/\/avozdecambra.pt\/?p=3401"},"modified":"2021-07-04T09:25:27","modified_gmt":"2021-07-04T09:25:27","slug":"alice-lopes-vai-subir-os-pirineus-e-representar-felgueira-vale-de-cambra-e-portugal-no-campeonato-mundial-de-skyrunning","status":"publish","type":"post","link":"http:\/\/avozdecambra.pt\/?p=3401","title":{"rendered":"Alice Lopes vai subir os Pirin\u00e9us e representar Felgueira, Vale de Cambra e Portugal no Campeonato Mundial de Skyrunning"},"content":{"rendered":"\n<p><strong>\u00c9 j\u00e1 no dia 11 de julho que Alice Lopes vai disputar o campeonato mundial da modalidade numa prova que vai levar a atleta a subir a montanha dos Pirin\u00e9us, em representa\u00e7\u00e3o da Associa\u00e7\u00e3o da Felgueira, Ar\u00f5es, Vale de Cambra e Portugal.&nbsp;<\/strong><\/p>\n\n\n\n<p>Alice Lopes, \u00e9 campe\u00e3 nacional de Skyrunning em 2019 e representa a modalidade federada da Associa\u00e7\u00e3o Desportiva e Cultural da da Felgueira (ADCF), Ar\u00f5es, em Vale de Cambra.&nbsp;<\/p>\n\n\n\n<p>A Serra da Freita, re\u00fane as condi\u00e7\u00f5es t\u00e9cnicas do percurso e \u00e9 \u201co melhor lugar de Portugal para treinar\u201d para este campeonato, disse a atleta, em entrevista ao Voz de Cambra, mas admite que enfrentar uma subida at\u00e9 2600 m (nos Pirin\u00e9us) vai ser um desafio e a maior dificuldade.\u00a0<\/p>\n\n\n\n<p>Trata-se de uma cadeia de montanhas que forma uma barreira alta e acidentada entre Espanha e a Fran\u00e7a. As montanhas dos Pirin\u00e9us&nbsp; estendem-se por 430 quil\u00f3metros e muitas delas t\u00eam mais de 2.740 metros de altura.<\/p>\n\n\n\n<p>Mesmo assim, Alice Lopes est\u00e1 confiante nos resultados que pode obter e garante que vai dar o seu melhor e que vai \u201ccorrer com garra e foco\u201d.&nbsp;<\/p>\n\n\n\n<p>A atleta corre h\u00e1 mais de 20 anos em estrada, ja fez in\u00fameras maratonas e, depois do nascimento do filho, resolveu experimentar montanha, modalidade em que foi apostando, com o apoio da Associa\u00e7\u00e3o da Felgueira, em Ar\u00f5es, que j\u00e1 tinha criado, em 2013, a atividade Skyrunning.&nbsp;<\/p>\n\n\n\n<p>A modalidade ganhou outro patamar, em 2017, com a primeira competi\u00e7\u00e3o oficial e federada e a iniciativa FreitaSkyrunning, uma parceria com a C\u00e2mara Municipal de Vale de Cambra e em coopera\u00e7\u00e3o com v\u00e1rias institui\u00e7\u00f5es p\u00fablicas e privadas.&nbsp;<\/p>\n\n\n\n<p>A prova consiste em atravessar dois concelhos, Vale de Cambra e Arouca, onde os atletas percorrem os trilhos do Vale M\u00e1gico, do Geoparque e das Montanhas M\u00e1gicas. Tudo isto na Serra da Freita, a 1100 m de altitude.<\/p>\n\n\n\n<p>Alice Lopes considera que esta atividade precisa de mais apoio para \u201cchegar a mais gente e mais longe\u201d. &nbsp;<\/p>\n\n\n\n<p>\u201cEste ano o FreitaSkyrunning \u00e9 dia 2 e 3 Outubro e com a ajuda de todos podemos elevar esta grandiosa prova, que tem tudo para ser uma prova de refer\u00eancia a n\u00edvel nacional e internacional\u201d, frisou.&nbsp;<\/p>\n\n\n\n<p>Com 40 anos hist\u00f3ria e associativismo, para ADCF ver a sua campe\u00e3 Alice Lopes a representar o pa\u00eds no campeonato mundial \u00e9 \u201cuma refer\u00eancia e um incentivo\u201d para todos os que fazem parte da modalidade e para todos os que se quiserem juntar a ela.&nbsp;<\/p>\n\n\n\n<p>\u201c\u00c9 um ponto alto para o desporto em Vale de Cambra, numa modalidade em que o nosso munic\u00edpio tem excelentes condi\u00e7\u00f5es para a sua pr\u00e1tica, tamb\u00e9m exemplo disso, \u00e9 a nossa prova FreitaSkyrunning, uma competi\u00e7\u00e3o federada, e que pontua a n\u00edvel nacional e internacional\u201d, referiu Jos\u00e9 Ferreira, presidente da Associa\u00e7\u00e3o, em declara\u00e7\u00f5es ao Voz de Cambra.&nbsp;<\/p>\n\n\n\n<p>O respons\u00e1vel acredita que \u00e9 poss\u00edvel Alice Lopes ser campe\u00e3 mundial de Skyrunning e acredita que essa ser\u00e1 tamb\u00e9m a vontade de todos os portugueses.&nbsp;<\/p>\n\n\n\n<hr class=\"wp-block-separator\"\/>\n\n\n\n<p><strong>O que \u00e9 Skyrunning?<\/strong><\/p>\n\n\n\n<p>Uma prova de Skyrunning \u00e9 uma corrida particularmente exigente e de elevada dificuldade t\u00e9cnica, que se aproxima do alpinismo e tem como objetivo o cume dessa montanha. Uma corrida desta modalidade sai de uma localidade, vai ao topo da(s) montanha(s) e regressa ao local de partida. As paisagens escolhidas s\u00e3o sempre escolhidas pelos seus espa\u00e7os naturais de particular interesse, o que implica, normalmente, que a preserva\u00e7\u00e3o e o respeito pela natureza dever\u00e3o estar sempre salvaguardados.&nbsp;<\/p>\n","protected":false},"excerpt":{"rendered":"<p>\u00c9 j\u00e1 no dia 11 de julho que Alice Lopes vai disputar o campeonato mundial da modalidade numa prova que vai levar a atleta a subir a montanha dos Pirin\u00e9us, em representa\u00e7\u00e3o da Associa\u00e7\u00e3o da Felgueira, Ar\u00f5es, Vale de Cambra e Portugal.&nbsp; Alice Lopes, \u00e9 campe\u00e3 nacional de Skyrunning em 2019 e representa a modalidade<\/p>\n","protected":false},"author":5,"featured_media":3404,"comment_status":"open","ping_status":"open","sticky":false,"template":"","format":"standard","meta":{"_monsterinsights_skip_tracking":false,"_monsterinsights_sitenote_active":false,"_monsterinsights_sitenote_note":"","_monsterinsights_sitenote_category":0,"footnotes":""},"categories":[1,158],"tags":[321,421,419,420],"class_list":{"0":"post-3401","1":"post","2":"type-post","3":"status-publish","4":"format-standard","5":"has-post-thumbnail","7":"category-atual","8":"category-valeapena","9":"tag-freita-skyrunning","10":"tag-alice-lopes","11":"tag-associacao-desportiva-e-cultural-da-felgueira","12":"tag-skyrunning"},"aioseo_notices":[],"_links":{"self":[{"href":"http:\/\/avozdecambra.pt\/index.php?rest_route=\/wp\/v2\/posts\/3401","targetHints":{"allow":["GET"]}}],"collection":[{"href":"http:\/\/avozdecambra.pt\/index.php?rest_route=\/wp\/v2\/posts"}],"about":[{"href":"http:\/\/avozdecambra.pt\/index.php?rest_route=\/wp\/v2\/types\/post"}],"author":[{"embeddable":true,"href":"http:\/\/avozdecambra.pt\/index.php?rest_route=\/wp\/v2\/users\/5"}],"replies":[{"embeddable":true,"href":"http:\/\/avozdecambra.pt\/index.php?rest_route=%2Fwp%2Fv2%2Fcomments&post=3401"}],"version-history":[{"count":2,"href":"http:\/\/avozdecambra.pt\/index.php?rest_route=\/wp\/v2\/posts\/3401\/revisions"}],"predecessor-version":[{"id":3405,"href":"http:\/\/avozdecambra.pt\/index.php?rest_route=\/wp\/v2\/posts\/3401\/revisions\/3405"}],"wp:featuredmedia":[{"embeddable":true,"href":"http:\/\/avozdecambra.pt\/index.php?rest_route=\/wp\/v2\/media\/3404"}],"wp:attachment":[{"href":"http:\/\/avozdecambra.pt\/index.php?rest_route=%2Fwp%2Fv2%2Fmedia&parent=3401"}],"wp:term":[{"taxonomy":"category","embeddable":true,"href":"http:\/\/avozdecambra.pt\/index.php?rest_route=%2Fwp%2Fv2%2Fcategories&post=3401"},{"taxonomy":"post_tag","embeddable":true,"href":"http:\/\/avozdecambra.pt\/index.php?rest_route=%2Fwp%2Fv2%2Ftags&post=3401"}],"curies":[{"name":"wp","href":"https:\/\/api.w.org\/{rel}","templated":true}]}}