{"id":3759,"date":"2021-08-05T19:25:05","date_gmt":"2021-08-05T19:25:05","guid":{"rendered":"http:\/\/avozdecambra.pt\/?p=3759"},"modified":"2021-08-05T20:04:59","modified_gmt":"2021-08-05T20:04:59","slug":"felgueira-assinala-40-anos-de-associativismo-com-lancamento-de-livro-e-exposicao","status":"publish","type":"post","link":"http:\/\/avozdecambra.pt\/?p=3759","title":{"rendered":"Felgueira assinala \u201c40 anos de Associativismo\u201d com lan\u00e7amento de livro e exposi\u00e7\u00e3o\u00a0itinerante"},"content":{"rendered":"\n<p><strong>A Associa\u00e7\u00e3o Desportiva e Cultural da Felgueira, na freguesia de Ar\u00f5es, assinalou, esta quinta-feira, 40 anos de Associativismo, com o lan\u00e7amento de um livro dedicado \u00e0s atividades desenvolvidas por esta coletividade durante quatro d\u00e9cadas e inaugurou uma exposi\u00e7\u00e3o relacionada com o desporto de montanha, uma atividade \u00e0 qual esta Associa\u00e7\u00e3o tem dado relev\u00e2ncia.&nbsp;<\/strong><\/p>\n\n\n\n<p>O lan\u00e7amento do livro \u201c40 anos de Associativismo\u201d decorreu, esta quinta-feira, no recinto exterior do Restaurante Mira Freita, em Felgueira, Ar\u00f5es e contou com a presen\u00e7a das entidades p\u00fablicas do concelho.&nbsp;<\/p>\n\n\n\n<p>Para Jos\u00e9 Ferreira, presidente da Associa\u00e7\u00e3o Desportiva e Cultural da Felgueira (ADCF), este livro representa n\u00e3o s\u00f3 a hist\u00f3ria da ADCF, mas tamb\u00e9m a hist\u00f3ria de outras associa\u00e7\u00f5es que fizeram, e continuam a fazer, parte da vida da Associa\u00e7\u00e3o e da sociedade em geral.<\/p>\n\n\n\n<p>&#8220;Acredito e desejo que este livro seja um verdadeiro registo e que sirva como incentivo e inspira\u00e7\u00e3o para o futuro do associativismo&#8221;, referiu ao Voz de Cambra. <br><\/p>\n\n\n\n<p>Como tudo come\u00e7ou e se manteve at\u00e9 2020; Desporto, recreio e cultura,; Aldeia Tur\u00edstica e Rural da Felgueira; Desporto de Montanha\/Natureza s\u00e3o alguns dos temas do livro com perto de 200 p\u00e1ginas, onde est\u00e3o esplanadas todas as atividades que a ADCF tem desenvolvido ao longo de quatro d\u00e9cadas e como lhe dar\u00e1 continuidade nos pr\u00f3ximos anos.&nbsp;<\/p>\n\n\n\n<p>A Associa\u00e7\u00e3o tem tido um papel preponderante na preserva\u00e7\u00e3o e divulga\u00e7\u00e3o do interior do concelho, com atividades realizadas ao ar livre e na natureza.&nbsp;<\/p>\n\n\n\n<p>T\u00eam-se evidenciado na realiza\u00e7\u00e3o de projetos de natureza, com renome, a n\u00edvel local, regional, nacional e at\u00e9 internacional. O Freita Skyrunning \u00e9 j\u00e1 uma prova reconhecida internacionalmente que tem, neste momento, uma atleta &#8211; Alice Lopes a concorrer no Campeonato Mundial de Skyrunning, nos Pirin\u00e9us.&nbsp;<\/p>\n\n\n\n<p>A coletividade tamb\u00e9m tem promovido o pedestrianismo que, com a realiza\u00e7\u00e3o do Freita Treking e com uma equipa na sele\u00e7\u00e3o nacional, traz \u00e0 aldeia e ao concelho, pessoas de v\u00e1rios pontos da regi\u00e3o e do pa\u00eds.&nbsp;<\/p>\n\n\n\n<p>A Associa\u00e7\u00e3o pretende ainda dinamizar o Cicloturismo e tem j\u00e1 prevista a realiza\u00e7\u00e3o da Grande Rota de Cicloturismo, que abrange os sete munic\u00edpios das Montanhas M\u00e1gicas, numa iniciativa coordenada pela ADRIMAG.&nbsp;<\/p>\n\n\n\n<p>Para o futuro, a ADCF pretende dar continuidade ao sonho, que come\u00e7ou com um grupo de jovens que queriam jogar futebol at\u00e9 uma Associa\u00e7\u00e3o pioneira na dinamiza\u00e7\u00e3o cultural e econ\u00f3mica em contexto rural, que tem desenvolvido, n\u00e3o s\u00f3 a aldeia da Felgueira, mas tamb\u00e9m o concelho e a regi\u00e3o, envolvendo sempre a comunidade e as for\u00e7as vivas deste local.&nbsp;<\/p>\n\n\n\n<p>Para al\u00e9m do livro, a Associa\u00e7\u00e3o inaugurou tamb\u00e9m, esta quinta-feira, a exposi\u00e7\u00e3o, no jardim do Restaurante Mira Freita, intitulada \u201cADCF no Desporto de Montanha\u201d, que ter\u00e1 a particularidade de poder ser vista noutros pontos do concelho, a partir de 31 de agosto.<\/p>\n\n\n\n<p>A exposi\u00e7\u00e3o, organizada pela Associa\u00e7\u00e3o, com o apoio da C\u00e2mara de Vale de Cambra, conta com 60 fotografias a cor, da autoria de Lu\u00eds Coelho, Joel Santos, \u00c2ngelo Pinho e M. Moreira de Azevedo e ilustra algumas das principais atividades na \u00e1rea do desporto de montanha, organizadas pelos seus departamentos de Skyrunning e Pedestrianismo, com especial enfoque para a prova de competi\u00e7\u00e3o, FreitaSkyrunning e a marcha de montanha, FreitaTreking.&nbsp;<\/p>\n","protected":false},"excerpt":{"rendered":"<p>A Associa\u00e7\u00e3o Desportiva e Cultural da Felgueira, na freguesia de Ar\u00f5es, assinalou, esta quinta-feira, 40 anos de Associativismo, com o lan\u00e7amento de um livro dedicado \u00e0s atividades desenvolvidas por esta coletividade durante quatro d\u00e9cadas e inaugurou uma exposi\u00e7\u00e3o relacionada com o desporto de montanha, uma atividade \u00e0 qual esta Associa\u00e7\u00e3o tem dado relev\u00e2ncia.&nbsp; O lan\u00e7amento<\/p>\n","protected":false},"author":5,"featured_media":3764,"comment_status":"open","ping_status":"open","sticky":false,"template":"","format":"standard","meta":{"_monsterinsights_skip_tracking":false,"_monsterinsights_sitenote_active":false,"_monsterinsights_sitenote_note":"","_monsterinsights_sitenote_category":0,"footnotes":""},"categories":[1],"tags":[112,460],"class_list":{"0":"post-3759","1":"post","2":"type-post","3":"status-publish","4":"format-standard","5":"has-post-thumbnail","7":"category-atual","8":"tag-aroes","9":"tag-felgueira"},"aioseo_notices":[],"_links":{"self":[{"href":"http:\/\/avozdecambra.pt\/index.php?rest_route=\/wp\/v2\/posts\/3759","targetHints":{"allow":["GET"]}}],"collection":[{"href":"http:\/\/avozdecambra.pt\/index.php?rest_route=\/wp\/v2\/posts"}],"about":[{"href":"http:\/\/avozdecambra.pt\/index.php?rest_route=\/wp\/v2\/types\/post"}],"author":[{"embeddable":true,"href":"http:\/\/avozdecambra.pt\/index.php?rest_route=\/wp\/v2\/users\/5"}],"replies":[{"embeddable":true,"href":"http:\/\/avozdecambra.pt\/index.php?rest_route=%2Fwp%2Fv2%2Fcomments&post=3759"}],"version-history":[{"count":10,"href":"http:\/\/avozdecambra.pt\/index.php?rest_route=\/wp\/v2\/posts\/3759\/revisions"}],"predecessor-version":[{"id":3773,"href":"http:\/\/avozdecambra.pt\/index.php?rest_route=\/wp\/v2\/posts\/3759\/revisions\/3773"}],"wp:featuredmedia":[{"embeddable":true,"href":"http:\/\/avozdecambra.pt\/index.php?rest_route=\/wp\/v2\/media\/3764"}],"wp:attachment":[{"href":"http:\/\/avozdecambra.pt\/index.php?rest_route=%2Fwp%2Fv2%2Fmedia&parent=3759"}],"wp:term":[{"taxonomy":"category","embeddable":true,"href":"http:\/\/avozdecambra.pt\/index.php?rest_route=%2Fwp%2Fv2%2Fcategories&post=3759"},{"taxonomy":"post_tag","embeddable":true,"href":"http:\/\/avozdecambra.pt\/index.php?rest_route=%2Fwp%2Fv2%2Ftags&post=3759"}],"curies":[{"name":"wp","href":"https:\/\/api.w.org\/{rel}","templated":true}]}}