{"id":3872,"date":"2021-07-23T00:05:00","date_gmt":"2021-07-23T00:05:00","guid":{"rendered":"http:\/\/avozdecambra.pt\/?p=3872"},"modified":"2021-08-20T00:19:38","modified_gmt":"2021-08-20T00:19:38","slug":"got-talent-inedv-pretende-fixar-jovens-talentos-e-empreendedores-em-vale-de-cambra","status":"publish","type":"post","link":"http:\/\/avozdecambra.pt\/?p=3872","title":{"rendered":"\u201cGot Talent Inedv\u201d pretende fixar jovens, talentos e empreendedores em Vale de Cambra"},"content":{"rendered":"\n<p><strong>O projeto denominado \u201cGot Talent Inedv\u201d, foi criado para encontrar e promover talentos e empreendedorismo em Vale de Cambra e, com isso, fixar jovens, refere a C\u00e2mara de Vale de Cambra, que estabeleceu, esta quinta-feira, um protocolo de coopera\u00e7\u00e3o com a ADRITEM.\u00a0<\/strong><\/p>\n\n\n\n<p>O presidente da C\u00e2mara de Vale de Cambra Jos\u00e9 Pinheiro e o presidente da Associa\u00e7\u00e3o de Desenvolvimento Regional Integrado das Terras de Santa Maria (ADRITEM), Em\u00eddio Sousa e o tesoureiro, Ant\u00f3nio Grifo, estiveram reunidos para estabelecer um protocolo de coopera\u00e7\u00e3o que permitir\u00e1 ativar: um programa de empreendedorismo para as escolas (Young Talent); um programa de empreendedorismo \u201cJovens Ensino Superior (Desafios Industriais)\u201d; um programa de empreendedorismo \u201cOrganiza\u00e7\u00f5es Economia Social\u201d e um programa de \u201cEmpreendedorismo Intra empresa ou Setorial\u201d.&nbsp;<\/p>\n\n\n\n<p>\u201cS\u00e3o quatro eixos de interven\u00e7\u00e3o que abra\u00e7amos e que permitir\u00e3o implementar uma din\u00e2mica de desenvolvimento local e promo\u00e7\u00e3o da inova\u00e7\u00e3o, desenvolvimento sustent\u00e1vel e coes\u00e3o econ\u00f3mica e social no nosso territ\u00f3rio e na regi\u00e3o\u201d, destacou o presidente da C\u00e2mara de Vale de Cambra.<\/p>\n\n\n\n<p>O projeto foi financiado pela \u201cIniciativa Portugal Inova\u00e7\u00e3o Social\u201d, integrada no POISE, o projeto \u00e9 da responsabilidade da ADRITEM com o objetivo de&nbsp; ser um polo agregador de uma rede de parceiros, a n\u00edvel concelhio e supra municipal.&nbsp;<\/p>\n\n\n\n<p>Para tal, conta com um Grupo de A\u00e7\u00e3o Local &#8211; ADRIMAG, respons\u00e1vel pela estrat\u00e9gia local de desenvolvimento do territ\u00f3rio atrav\u00e9s da sua entidade promotora CLDS Vale + Social.&nbsp;<\/p>\n","protected":false},"excerpt":{"rendered":"<p>O projeto denominado \u201cGot Talent Inedv\u201d, foi criado para encontrar e promover talentos e empreendedorismo em Vale de Cambra e, com isso, fixar jovens, refere a C\u00e2mara de Vale de Cambra, que estabeleceu, esta quinta-feira, um protocolo de coopera\u00e7\u00e3o com a ADRITEM.\u00a0 O presidente da C\u00e2mara de Vale de Cambra Jos\u00e9 Pinheiro e o presidente<\/p>\n","protected":false},"author":5,"featured_media":3873,"comment_status":"open","ping_status":"open","sticky":false,"template":"","format":"standard","meta":{"_monsterinsights_skip_tracking":false,"_monsterinsights_sitenote_active":false,"_monsterinsights_sitenote_note":"","_monsterinsights_sitenote_category":0,"footnotes":""},"categories":[1],"tags":[],"class_list":{"0":"post-3872","1":"post","2":"type-post","3":"status-publish","4":"format-standard","5":"has-post-thumbnail","7":"category-atual"},"aioseo_notices":[],"_links":{"self":[{"href":"http:\/\/avozdecambra.pt\/index.php?rest_route=\/wp\/v2\/posts\/3872","targetHints":{"allow":["GET"]}}],"collection":[{"href":"http:\/\/avozdecambra.pt\/index.php?rest_route=\/wp\/v2\/posts"}],"about":[{"href":"http:\/\/avozdecambra.pt\/index.php?rest_route=\/wp\/v2\/types\/post"}],"author":[{"embeddable":true,"href":"http:\/\/avozdecambra.pt\/index.php?rest_route=\/wp\/v2\/users\/5"}],"replies":[{"embeddable":true,"href":"http:\/\/avozdecambra.pt\/index.php?rest_route=%2Fwp%2Fv2%2Fcomments&post=3872"}],"version-history":[{"count":3,"href":"http:\/\/avozdecambra.pt\/index.php?rest_route=\/wp\/v2\/posts\/3872\/revisions"}],"predecessor-version":[{"id":3876,"href":"http:\/\/avozdecambra.pt\/index.php?rest_route=\/wp\/v2\/posts\/3872\/revisions\/3876"}],"wp:featuredmedia":[{"embeddable":true,"href":"http:\/\/avozdecambra.pt\/index.php?rest_route=\/wp\/v2\/media\/3873"}],"wp:attachment":[{"href":"http:\/\/avozdecambra.pt\/index.php?rest_route=%2Fwp%2Fv2%2Fmedia&parent=3872"}],"wp:term":[{"taxonomy":"category","embeddable":true,"href":"http:\/\/avozdecambra.pt\/index.php?rest_route=%2Fwp%2Fv2%2Fcategories&post=3872"},{"taxonomy":"post_tag","embeddable":true,"href":"http:\/\/avozdecambra.pt\/index.php?rest_route=%2Fwp%2Fv2%2Ftags&post=3872"}],"curies":[{"name":"wp","href":"https:\/\/api.w.org\/{rel}","templated":true}]}}