{"id":4429,"date":"2021-08-10T19:01:00","date_gmt":"2021-08-10T19:01:00","guid":{"rendered":"http:\/\/avozdecambra.pt\/?p=4429"},"modified":"2021-11-10T21:53:37","modified_gmt":"2021-11-10T21:53:37","slug":"maria-jose-gomes-urge-implementar-politicas-demograficas-direcionadas-para-o-rejuvenescimento-da-populacao","status":"publish","type":"post","link":"http:\/\/avozdecambra.pt\/?p=4429","title":{"rendered":"Maria Jos\u00e9 Gomes: \u201cUrge implementar pol\u00edticas demogr\u00e1ficas direcionadas para o rejuvenescimento da popula\u00e7\u00e3o\u201d"},"content":{"rendered":"\n<p><strong>Docente de Geografia, no Agrupamento de Escolas do B\u00fazio, Maria Jos\u00e9 Gomes faz uma an\u00e1lise aos dados dos Censos 2021 e refere que \u00e9 urgente implementar pol\u00edticas demogr\u00e1ficas direcionadas para o rejuvenescimento da popula\u00e7\u00e3o.<\/strong><\/p>\n\n\n\n<p>No \u00e2mbito geogr\u00e1fico da \u00c1rea Metropolitana do Porto, Vale de Cambra \u00e9 dos munic\u00edpios com menor densidade populacional (144 hab.\/Km2). Apenas o concelho de Arouca apresenta um valor inferior. A nossa densidade populacional contrasta com todos os concelhos lim\u00edtrofes, sendo que S\u00e3o Jo\u00e3o da Madeira se destaca com valores significativamente superiores (2 772 hab.\/Km2). \u00c9 o terceiro munic\u00edpio com maior densidade populacional, a seguir ao Porto e a Matosinhos, respetivamente. <\/p>\n\n\n\n<p>Vale de Cambra segue o padr\u00e3o de retra\u00e7\u00e3o demogr\u00e1fica de Portugal, mas de forma mais acentuada. \u00c0 data de refer\u00eancia dos censos 2021, o nosso pa\u00eds conta com 10 347 892 residentes, o que representa um decr\u00e9scimo de 2% face a 2011, enquanto o concelho registou uma perda de 6,9%. Para al\u00e9m do n\u00famero de indiv\u00edduos h\u00e1 que olhar para a estrutura et\u00e1ria da popula\u00e7\u00e3o valecambrense que testemunha, na atualidade, um concelho grisalho. Uma das caracter\u00edsticas mais evidentes da evolu\u00e7\u00e3o demogr\u00e1fica do concelho ao longo das \u00faltimas d\u00e9cadas tem sido o duplo envelhecimento, ou seja, o decr\u00e9scimo da popula\u00e7\u00e3o jovem e o aumento da propor\u00e7\u00e3o de idosos. <\/p>\n\n\n\n<p>Esta realidade demogr\u00e1fica, que segue a tend\u00eancia do pa\u00eds, acarreta um conjunto de implica\u00e7\u00f5es sociais e econ\u00f3micas para o concelho que \u00e9 imperativo resolver. Para contrariar este cen\u00e1rio e promover o desenvolvimento sustent\u00e1vel do territ\u00f3rio urge implementar pol\u00edticas demogr\u00e1ficas direcionadas para o rejuvenescimento da popula\u00e7\u00e3o, nomeadamente, medidas de incentivo \u00e0 natalidade, \u00e0 imigra\u00e7\u00e3o, mas tamb\u00e9m, \u00e0 perman\u00eancia dos atuais residentes. <\/p>\n\n\n\n<p>Poder\u00e3o ser exemplo destas medidas as seguintes iniciativas: apoios financeiros atribu\u00eddos a cada nascimento ou ado\u00e7\u00e3o em agregados familiares residentes e recenseados no concelho de Vale de Cambra; apoios \u00e0s fam\u00edlias nas despesas da educa\u00e7\u00e3o; parcerias com as empresas, tornando-as mais \u201camigas da fam\u00edlia\u201d; promo\u00e7\u00e3o e media\u00e7\u00e3o de protocolos entre os setores acad\u00e9mico e empresarial, no sentido de ajustar a oferta educativa e formativa \u00e0s necessidades do mercado de trabalho concelhio; investimento em percursos de educa\u00e7\u00e3o e forma\u00e7\u00e3o de jovens adultos; benef\u00edcios fiscais para as fam\u00edlias em fun\u00e7\u00e3o do n\u00famero de filhos; ao n\u00edvel dos equipamentos coletivos, aposta no desporto, na cultura e nos servi\u00e7os sociais de sa\u00fade; ao n\u00edvel de habita\u00e7\u00e3o, cria\u00e7\u00e3o de condi\u00e7\u00f5es para aumentar a constru\u00e7\u00e3o e a oferta de habita\u00e7\u00e3o a pre\u00e7os competitivos, etc. Estes s\u00e3o apenas alguns t\u00f3picos que permitiriam alterar a situa\u00e7\u00e3o.<\/p>\n\n\n\n<p>Vale de Cambra n\u00e3o tem uma verdadeira pol\u00edtica de habita\u00e7\u00e3o, cultura, sa\u00fade, desporto, turismo, etc., e \u00e9 isto que a popula\u00e7\u00e3o precisa, \u00e9 isto que a popula\u00e7\u00e3o procura. Os munic\u00edpios vizinhos, que melhor servem a popula\u00e7\u00e3o nestes contextos de vida, ser\u00e3o o destino de acolhimento da nossa gente. Vale de Cambra est\u00e1 dotado de condi\u00e7\u00f5es naturais, infraestruturais, empresariais, entre outras, capazes de promover boas condi\u00e7\u00f5es de vida aos valecambrenses e a outros que nos procurem, assim como proporcionar dinamismo econ\u00f3mico. <\/p>\n\n\n\n<p>Haja estrat\u00e9gia de desenvolvimento, criem-se elos fortes de liga\u00e7\u00e3o com o tecido empresarial, criem-se condi\u00e7\u00f5es para que, quem t\u00e3o generosamente luta para desenvolver a atividade desportiva, consiga ver resultados e o seu trabalho reconhecido. Considerem-se, estas medidas, um investimento em prol do nosso concelho e n\u00e3o s\u00f3 e apenas uma fonte de despesa. Vale de Cambra tem tudo para vingar, Vale de Cambra est\u00e1 a \u201cdois passos\u201d do Porto, sede da nossa \u00e1rea metropolitana. Vamos todos colaborar por um concelho de elei\u00e7\u00e3o para viver\u201d.<\/p>\n\n\n\n<p><\/p>\n","protected":false},"excerpt":{"rendered":"<p>Docente de Geografia, no Agrupamento de Escolas do B\u00fazio, Maria Jos\u00e9 Gomes faz uma an\u00e1lise aos dados dos Censos 2021 e refere que \u00e9 urgente implementar pol\u00edticas demogr\u00e1ficas direcionadas para o rejuvenescimento da popula\u00e7\u00e3o. No \u00e2mbito geogr\u00e1fico da \u00c1rea Metropolitana do Porto, Vale de Cambra \u00e9 dos munic\u00edpios com menor densidade populacional (144 hab.\/Km2). Apenas<\/p>\n","protected":false},"author":5,"featured_media":4430,"comment_status":"open","ping_status":"open","sticky":false,"template":"","format":"standard","meta":{"_monsterinsights_skip_tracking":false,"_monsterinsights_sitenote_active":false,"_monsterinsights_sitenote_note":"","_monsterinsights_sitenote_category":0,"footnotes":""},"categories":[1,7],"tags":[310,523],"class_list":{"0":"post-4429","1":"post","2":"type-post","3":"status-publish","4":"format-standard","5":"has-post-thumbnail","7":"category-atual","8":"category-opiniao","9":"tag-censos-2021","10":"tag-maria-jose-gomes"},"aioseo_notices":[],"_links":{"self":[{"href":"http:\/\/avozdecambra.pt\/index.php?rest_route=\/wp\/v2\/posts\/4429","targetHints":{"allow":["GET"]}}],"collection":[{"href":"http:\/\/avozdecambra.pt\/index.php?rest_route=\/wp\/v2\/posts"}],"about":[{"href":"http:\/\/avozdecambra.pt\/index.php?rest_route=\/wp\/v2\/types\/post"}],"author":[{"embeddable":true,"href":"http:\/\/avozdecambra.pt\/index.php?rest_route=\/wp\/v2\/users\/5"}],"replies":[{"embeddable":true,"href":"http:\/\/avozdecambra.pt\/index.php?rest_route=%2Fwp%2Fv2%2Fcomments&post=4429"}],"version-history":[{"count":4,"href":"http:\/\/avozdecambra.pt\/index.php?rest_route=\/wp\/v2\/posts\/4429\/revisions"}],"predecessor-version":[{"id":4434,"href":"http:\/\/avozdecambra.pt\/index.php?rest_route=\/wp\/v2\/posts\/4429\/revisions\/4434"}],"wp:featuredmedia":[{"embeddable":true,"href":"http:\/\/avozdecambra.pt\/index.php?rest_route=\/wp\/v2\/media\/4430"}],"wp:attachment":[{"href":"http:\/\/avozdecambra.pt\/index.php?rest_route=%2Fwp%2Fv2%2Fmedia&parent=4429"}],"wp:term":[{"taxonomy":"category","embeddable":true,"href":"http:\/\/avozdecambra.pt\/index.php?rest_route=%2Fwp%2Fv2%2Fcategories&post=4429"},{"taxonomy":"post_tag","embeddable":true,"href":"http:\/\/avozdecambra.pt\/index.php?rest_route=%2Fwp%2Fv2%2Ftags&post=4429"}],"curies":[{"name":"wp","href":"https:\/\/api.w.org\/{rel}","templated":true}]}}