{"id":4484,"date":"2021-11-22T23:54:03","date_gmt":"2021-11-22T23:54:03","guid":{"rendered":"http:\/\/avozdecambra.pt\/?p=4484"},"modified":"2021-11-23T00:07:46","modified_gmt":"2021-11-23T00:07:46","slug":"vale-de-cambra-apresenta-novas-politicas-de-habitacao-na-semana-ru-do-porto","status":"publish","type":"post","link":"http:\/\/avozdecambra.pt\/?p=4484","title":{"rendered":"Vale de Cambra apresenta novas pol\u00edticas de habita\u00e7\u00e3o na semana RU do Porto"},"content":{"rendered":"\n<p><strong>No dia 24 de novembro, a Agenda Urbana promove um debate focado nas novas pol\u00edticas locais de habita\u00e7\u00e3o, no \u00e2mbito da Semana da Reabilita\u00e7\u00e3o Urbana do Porto e Vale de Cambra vai falar da Estrat\u00e9gia Local de Habita\u00e7\u00e3o do concelho.&nbsp;<\/strong><\/p>\n\n\n\n<p>O presidente da C\u00e2mara de Vale de Cambra, Jos\u00e9 Pinheiro vai ser um dos 130 oradores da 9\u00aa edi\u00e7\u00e3o da Semana da Reabilita\u00e7\u00e3o Urbana do Porto, que regressa esta ter\u00e7a-feira e at\u00e9 25 de novembro, estreando-se no Centro de Congressos da Alf\u00e2ndega do Porto.\u00a0<\/p>\n\n\n\n<p>Na pr\u00f3xima quarta-feira, Jos\u00e9 Pinheiro vai juntar-se aos seus hom\u00f3logos, para debater as diferentes op\u00e7\u00f5es, programas e instrumentos que o munic\u00edpio tem adotado para concretizar o potencial da Nova Gera\u00e7\u00e3o de Pol\u00edticas de Habita\u00e7\u00e3o, promovendo o acesso \u00e0 habita\u00e7\u00e3o. &nbsp;<\/p>\n\n\n\n<p>O autarca valecambrense vai falar sobre a Estrat\u00e9gia Local de Habita\u00e7\u00e3o, aprovada em junho deste ano e que tem como objetivo a promo\u00e7\u00e3o da acessibilidade \u00e0 habita\u00e7\u00e3o, estando prevista a reabilita\u00e7\u00e3o de mais 40 fogos, num montante de 2 664 000,00 euros.&nbsp;<\/p>\n\n\n\n<p>O documento tem como miss\u00e3o \u201cassegurar o acesso a uma habita\u00e7\u00e3o condigna a todas as fam\u00edlias residentes em Vale de Cambra, refor\u00e7ando paralelamente a atratividade habitacional do concelho, promovendo solu\u00e7\u00f5es inovadoras, sustent\u00e1veis e inclusivas, atrav\u00e9s da uni\u00e3o de esfor\u00e7os p\u00fablicos e privados, e do aproveitamento dos instrumentos financeiros dispon\u00edveis\u201d.&nbsp;<\/p>\n\n\n\n<p>A Estrat\u00e9gia Local de Habita\u00e7\u00e3o do munic\u00edpio de Vale de Cambra, foi elaborada em parceria com a Agenda Urbana e serviu ainda de enquadramento e suporte \u00e0 elabora\u00e7\u00e3o da candidatura ao \u201c1.\u00ba Direito\u201d, programa que visa apoiar a promo\u00e7\u00e3o de solu\u00e7\u00f5es habitacionais para pessoas que vivem em condi\u00e7\u00f5es habitacionais indignas e que n\u00e3o disp\u00f5em de capacidade financeira para suportar o custo do acesso a uma habita\u00e7\u00e3o adequada.<\/p>\n\n\n\n<p>\u00c1lvaro Santos, fundador e CEO da Agenda Urbana, referiu que a C\u00e2mara de Vale de Cambra est\u00e1 a aproveitar \u201cde forma exemplar\u201d a capta\u00e7\u00e3o de recursos financeiros dispon\u00edveis com a Nova Gera\u00e7\u00e3o de Pol\u00edticas de Habita\u00e7\u00e3o e que \u201cvale a pena estar atento ao trabalho que est\u00e1 a desenvolver\u201d, sublinhou. \u00a0<\/p>\n\n\n\n<p>A sess\u00e3o ser\u00e1 conduzida por \u00c1lvaro Santos e contar\u00e1 com as participa\u00e7\u00f5es confirmadas de Jos\u00e9 Pinheiro, presidente da C\u00e2mara Municipal de Vale de Cambra, Ant\u00f3nio Silva Tiago, presidente da C\u00e2mara Municipal da Maia; Em\u00eddio Sousa, presidente da C\u00e2mara Municipal da Feira; Jorge Vultos Sequeira, presidente da C\u00e2mara Municipal de S. Jo\u00e3o da Madeira; e Miguel Reis, presidente da C\u00e2mara Municipal de Espinho. \u00a0<\/p>\n\n\n\n<p>O acesso a esta confer\u00eancia&nbsp;\u00e9 gratuito, mas sujeito a&nbsp;<a href=\"https:\/\/iberinmo.com\/register\/ix-semana-da-reabilitacao-urbana-do-porto\">registo<\/a> e pode ainda acompanhe todas as novidades da Semana da Reabilita\u00e7\u00e3o Urbana do Porto no&nbsp;<a href=\"https:\/\/iberinmo.com\/event\/ix-semana-da-reabilitacao-urbana-do-porto\">site oficial desta iniciativa<\/a>. &nbsp;<\/p>\n","protected":false},"excerpt":{"rendered":"<p>No dia 24 de novembro, a Agenda Urbana promove um debate focado nas novas pol\u00edticas locais de habita\u00e7\u00e3o, no \u00e2mbito da Semana da Reabilita\u00e7\u00e3o Urbana do Porto e Vale de Cambra vai falar da Estrat\u00e9gia Local de Habita\u00e7\u00e3o do concelho.&nbsp; O presidente da C\u00e2mara de Vale de Cambra, Jos\u00e9 Pinheiro vai ser um dos 130<\/p>\n","protected":false},"author":5,"featured_media":263,"comment_status":"open","ping_status":"open","sticky":false,"template":"","format":"standard","meta":{"_monsterinsights_skip_tracking":false,"_monsterinsights_sitenote_active":false,"_monsterinsights_sitenote_note":"","_monsterinsights_sitenote_category":0,"footnotes":""},"categories":[1],"tags":[527,526],"class_list":{"0":"post-4484","1":"post","2":"type-post","3":"status-publish","4":"format-standard","5":"has-post-thumbnail","7":"category-atual","8":"tag-estrategia-local-de-habitacao","9":"tag-semana-da-reabilitacao-urbana-do-port"},"aioseo_notices":[],"_links":{"self":[{"href":"http:\/\/avozdecambra.pt\/index.php?rest_route=\/wp\/v2\/posts\/4484","targetHints":{"allow":["GET"]}}],"collection":[{"href":"http:\/\/avozdecambra.pt\/index.php?rest_route=\/wp\/v2\/posts"}],"about":[{"href":"http:\/\/avozdecambra.pt\/index.php?rest_route=\/wp\/v2\/types\/post"}],"author":[{"embeddable":true,"href":"http:\/\/avozdecambra.pt\/index.php?rest_route=\/wp\/v2\/users\/5"}],"replies":[{"embeddable":true,"href":"http:\/\/avozdecambra.pt\/index.php?rest_route=%2Fwp%2Fv2%2Fcomments&post=4484"}],"version-history":[{"count":2,"href":"http:\/\/avozdecambra.pt\/index.php?rest_route=\/wp\/v2\/posts\/4484\/revisions"}],"predecessor-version":[{"id":4487,"href":"http:\/\/avozdecambra.pt\/index.php?rest_route=\/wp\/v2\/posts\/4484\/revisions\/4487"}],"wp:featuredmedia":[{"embeddable":true,"href":"http:\/\/avozdecambra.pt\/index.php?rest_route=\/wp\/v2\/media\/263"}],"wp:attachment":[{"href":"http:\/\/avozdecambra.pt\/index.php?rest_route=%2Fwp%2Fv2%2Fmedia&parent=4484"}],"wp:term":[{"taxonomy":"category","embeddable":true,"href":"http:\/\/avozdecambra.pt\/index.php?rest_route=%2Fwp%2Fv2%2Fcategories&post=4484"},{"taxonomy":"post_tag","embeddable":true,"href":"http:\/\/avozdecambra.pt\/index.php?rest_route=%2Fwp%2Fv2%2Ftags&post=4484"}],"curies":[{"name":"wp","href":"https:\/\/api.w.org\/{rel}","templated":true}]}}