{"id":5354,"date":"2022-03-14T15:30:46","date_gmt":"2022-03-14T15:30:46","guid":{"rendered":"http:\/\/avozdecambra.pt\/?p=5354"},"modified":"2022-03-14T15:30:51","modified_gmt":"2022-03-14T15:30:51","slug":"hoquei-academico-de-cambra-apurado-para-campeonato-nacional-de-sub-15","status":"publish","type":"post","link":"http:\/\/avozdecambra.pt\/?p=5354","title":{"rendered":"H\u00f3quei Acad\u00e9mico de Cambra apurado para Campeonato Nacional de SUB-15"},"content":{"rendered":"\n<p><strong>As competi\u00e7\u00f5es de forma\u00e7\u00e3o est\u00e3o de volta, e o Campeonato Nacional de Sub-15 vai integrar a equipa do H\u00f3quei Acad\u00e9mico de Cambra.&nbsp;<\/strong><\/p>\n\n\n\n<p>Os iniciados do H\u00f3quei de Vale de Cambra conseguiram o apuramento para o lote de 16 equipas que v\u00e3o disputar o t\u00edtulo de campe\u00f5es nacionais da categoria Sub-15.<\/p>\n\n\n\n<p>Depois de conclu\u00edram as diferentes fases do Campeonato Regional DIFF (Aveiro, Coimbra e Viseu), a equipa valecambrense disputou a fase de playoffs de acesso ao Campeonato Nacional.&nbsp;<\/p>\n\n\n\n<p>A iniciativa decorreu nos dias 11, 12 e 13 de mar\u00e7o, no Pavilh\u00e3o da Ventosa do Bairro, Mealhada.&nbsp;<\/p>\n\n\n\n<p>Num grupo, constitu\u00eddo pela HA Cambra, HC Mealhada, ACD Gulpilhares e SC Tomar, os iniciados cambrenses obtiveram os seguintes resultados:<\/p>\n\n\n\n<p>HACambra: 4 x HCMealhada: 1<\/p>\n\n\n\n<p>HACambra: 4 x SC Tomar: 1<\/p>\n\n\n\n<p>HACambra: 1 x ACD Gulpilhares: 4<\/p>\n\n\n\n<p>No Campeonato Nacional da categoria, o HACambra vai integrar a Zona Norte com o ACD Gulpilhares, FCPorto, UDOliveirense, USC Paredes, AD Valongo, Clube Infante de Sagres e HC Braga.<\/p>\n","protected":false},"excerpt":{"rendered":"<p>As competi\u00e7\u00f5es de forma\u00e7\u00e3o est\u00e3o de volta, e o Campeonato Nacional de Sub-15 vai integrar a equipa do H\u00f3quei Acad\u00e9mico de Cambra.&nbsp; Os iniciados do H\u00f3quei de Vale de Cambra conseguiram o apuramento para o lote de 16 equipas que v\u00e3o disputar o t\u00edtulo de campe\u00f5es nacionais da categoria Sub-15. Depois de conclu\u00edram as diferentes<\/p>\n","protected":false},"author":5,"featured_media":5355,"comment_status":"open","ping_status":"open","sticky":false,"template":"","format":"standard","meta":{"_monsterinsights_skip_tracking":false,"_monsterinsights_sitenote_active":false,"_monsterinsights_sitenote_note":"","_monsterinsights_sitenote_category":0,"footnotes":""},"categories":[1,5],"tags":[180],"class_list":{"0":"post-5354","1":"post","2":"type-post","3":"status-publish","4":"format-standard","5":"has-post-thumbnail","7":"category-atual","8":"category-desporto","9":"tag-hoquei-academico-de-cambra"},"aioseo_notices":[],"_links":{"self":[{"href":"http:\/\/avozdecambra.pt\/index.php?rest_route=\/wp\/v2\/posts\/5354","targetHints":{"allow":["GET"]}}],"collection":[{"href":"http:\/\/avozdecambra.pt\/index.php?rest_route=\/wp\/v2\/posts"}],"about":[{"href":"http:\/\/avozdecambra.pt\/index.php?rest_route=\/wp\/v2\/types\/post"}],"author":[{"embeddable":true,"href":"http:\/\/avozdecambra.pt\/index.php?rest_route=\/wp\/v2\/users\/5"}],"replies":[{"embeddable":true,"href":"http:\/\/avozdecambra.pt\/index.php?rest_route=%2Fwp%2Fv2%2Fcomments&post=5354"}],"version-history":[{"count":1,"href":"http:\/\/avozdecambra.pt\/index.php?rest_route=\/wp\/v2\/posts\/5354\/revisions"}],"predecessor-version":[{"id":5356,"href":"http:\/\/avozdecambra.pt\/index.php?rest_route=\/wp\/v2\/posts\/5354\/revisions\/5356"}],"wp:featuredmedia":[{"embeddable":true,"href":"http:\/\/avozdecambra.pt\/index.php?rest_route=\/wp\/v2\/media\/5355"}],"wp:attachment":[{"href":"http:\/\/avozdecambra.pt\/index.php?rest_route=%2Fwp%2Fv2%2Fmedia&parent=5354"}],"wp:term":[{"taxonomy":"category","embeddable":true,"href":"http:\/\/avozdecambra.pt\/index.php?rest_route=%2Fwp%2Fv2%2Fcategories&post=5354"},{"taxonomy":"post_tag","embeddable":true,"href":"http:\/\/avozdecambra.pt\/index.php?rest_route=%2Fwp%2Fv2%2Ftags&post=5354"}],"curies":[{"name":"wp","href":"https:\/\/api.w.org\/{rel}","templated":true}]}}