{"id":5802,"date":"2022-05-31T22:11:52","date_gmt":"2022-05-31T22:11:52","guid":{"rendered":"http:\/\/avozdecambra.pt\/?p=5802"},"modified":"2022-06-03T07:46:47","modified_gmt":"2022-06-03T07:46:47","slug":"5802","status":"publish","type":"post","link":"http:\/\/avozdecambra.pt\/?p=5802","title":{"rendered":"Munic\u00edpio convida popula\u00e7\u00e3o a participar na escolha do nome para \u201cantigo cinema\u201d"},"content":{"rendered":"\n<p><strong>Est\u00e1 aberto o inqu\u00e9rito p\u00fablico para escolha do nome do novo espa\u00e7o cultural de Vale de Cambra, instalado no antigo cinema.<\/strong><\/p>\n\n\n\n<p>O munic\u00edpio pergunta \u00e0 popula\u00e7\u00e3o qual o nome que quer ver ser dado \u00e0quele que vai ser o centro de artes e espet\u00e1culos.&nbsp;<\/p>\n\n\n\n<p>As obras de requalifica\u00e7\u00e3o do antigo cinema est\u00e3o ainda a decorrer e a C\u00e2mara quer j\u00e1 designar nome da futuro \u201cponto de encontro, de uni\u00e3o e perten\u00e7a de todos os valecambrenses\u201d, refere a nota de imprensa.&nbsp;<\/p>\n\n\n\n<p>A escolha recai sobre seis nomes previamente escolhidos, em que tr\u00eas deles, remetem e homenageiam a voca\u00e7\u00e3o fabril e industrial da regi\u00e3o: F\u00e1brica de Artes e Cultura \u2013 FAC; F\u00e1brica de Artes e Espet\u00e1culos \u2013 FAE; F\u00e1brica de Artes, Cultura e Espet\u00e1culos &#8211; FACE. Os tr\u00eas outros nomes \u00e0 escola s\u00e3o: Centro de Artes e Espet\u00e1culos \u2013 CAE; Casa das Artes e Espet\u00e1culos \u2013 CAE; Teatro de Vale de Cambra \u2013 TVC.&nbsp;<\/p>\n\n\n\n<p>Para participar neste inqu\u00e9rito basta votar on-line que se encontra no site do munic\u00edpio: <a href=\"https:\/\/www.cm-valedecambra.pt\/pages\/761\">https:\/\/www.cm-valedecambra.pt\/pages\/761<\/a> at\u00e9 ao pr\u00f3ximo dia 13 de junho de 2022. Este link \u00e9 acess\u00edvel diretamente ou acedendo atrav\u00e9s das redes sociais (Facebook e Instagram).<\/p>\n","protected":false},"excerpt":{"rendered":"<p>Est\u00e1 aberto o inqu\u00e9rito p\u00fablico para escolha do nome do novo espa\u00e7o cultural de Vale de Cambra, instalado no antigo cinema. O munic\u00edpio pergunta \u00e0 popula\u00e7\u00e3o qual o nome que quer ver ser dado \u00e0quele que vai ser o centro de artes e espet\u00e1culos.&nbsp; As obras de requalifica\u00e7\u00e3o do antigo cinema est\u00e3o ainda a decorrer<\/p>\n","protected":false},"author":5,"featured_media":5867,"comment_status":"open","ping_status":"open","sticky":false,"template":"","format":"standard","meta":{"_monsterinsights_skip_tracking":false,"_monsterinsights_sitenote_active":false,"_monsterinsights_sitenote_note":"","_monsterinsights_sitenote_category":0,"footnotes":""},"categories":[1],"tags":[641],"class_list":{"0":"post-5802","1":"post","2":"type-post","3":"status-publish","4":"format-standard","5":"has-post-thumbnail","7":"category-atual","8":"tag-antigo-cinema"},"aioseo_notices":[],"_links":{"self":[{"href":"http:\/\/avozdecambra.pt\/index.php?rest_route=\/wp\/v2\/posts\/5802","targetHints":{"allow":["GET"]}}],"collection":[{"href":"http:\/\/avozdecambra.pt\/index.php?rest_route=\/wp\/v2\/posts"}],"about":[{"href":"http:\/\/avozdecambra.pt\/index.php?rest_route=\/wp\/v2\/types\/post"}],"author":[{"embeddable":true,"href":"http:\/\/avozdecambra.pt\/index.php?rest_route=\/wp\/v2\/users\/5"}],"replies":[{"embeddable":true,"href":"http:\/\/avozdecambra.pt\/index.php?rest_route=%2Fwp%2Fv2%2Fcomments&post=5802"}],"version-history":[{"count":2,"href":"http:\/\/avozdecambra.pt\/index.php?rest_route=\/wp\/v2\/posts\/5802\/revisions"}],"predecessor-version":[{"id":5805,"href":"http:\/\/avozdecambra.pt\/index.php?rest_route=\/wp\/v2\/posts\/5802\/revisions\/5805"}],"wp:featuredmedia":[{"embeddable":true,"href":"http:\/\/avozdecambra.pt\/index.php?rest_route=\/wp\/v2\/media\/5867"}],"wp:attachment":[{"href":"http:\/\/avozdecambra.pt\/index.php?rest_route=%2Fwp%2Fv2%2Fmedia&parent=5802"}],"wp:term":[{"taxonomy":"category","embeddable":true,"href":"http:\/\/avozdecambra.pt\/index.php?rest_route=%2Fwp%2Fv2%2Fcategories&post=5802"},{"taxonomy":"post_tag","embeddable":true,"href":"http:\/\/avozdecambra.pt\/index.php?rest_route=%2Fwp%2Fv2%2Ftags&post=5802"}],"curies":[{"name":"wp","href":"https:\/\/api.w.org\/{rel}","templated":true}]}}