{"id":5975,"date":"2022-06-18T22:55:39","date_gmt":"2022-06-18T22:55:39","guid":{"rendered":"http:\/\/avozdecambra.pt\/?p=5975"},"modified":"2022-06-21T14:59:30","modified_gmt":"2022-06-21T14:59:30","slug":"confianca-tem-sido-chave-para-continuidade-de-eduardo-goncalves-no-idolos","status":"publish","type":"post","link":"http:\/\/avozdecambra.pt\/?p=5975","title":{"rendered":"Eduardo Gon\u00e7alves: \u201cA minha simplicidade, maneira de cantar e de me expressar tem sido valorizada\u201d"},"content":{"rendered":"\n<p><strong>\u00c9 um dos favoritos dos j\u00faris do programa de televis\u00e3o da SIC &#8211; \u00cddolos. O valecambrense Eduardo Gon\u00e7alves est\u00e1 entre os cinco candidatos a \u00cddolo de Portugal e precisa da vota\u00e7\u00e3o de todos para l\u00e1 chegar.&nbsp;<\/strong><\/p>\n\n\n\n<p>Com 23 anos, Eduardo Gon\u00e7alves decidiu que a m\u00fasica, que j\u00e1 fazia parte da sua vida h\u00e1 muito tempo, \u00e9 agora o caminho que quer seguir no futuro.<\/p>\n\n\n\n<p>Apesar de estudar Engenharia Mec\u00e2nica na Universidade de Coimbra, o jovem confessa que \u00e9 no palco que se sente realizado e a entrada e participa\u00e7\u00e3o num programa de televis\u00e3o ajudou-o a ter essa certeza. &nbsp;<\/p>\n\n\n\n<p>Eduardo Gon\u00e7alves \u00e9 um dos cinco finalistas do programa \u00cddolos e pode ser um dos vencedores do concurso de talentos da SIC.&nbsp;<\/p>\n\n\n\n<p>\u201cConfian\u00e7a\u201d tem sido a chave para a continuidade no programa, mas tamb\u00e9m a sua &#8220;simplicidade&#8221;.<\/p>\n\n\n\n<p>\u201cEu acho que est\u00e1s num momento da tua vida em que sabes que as pessoas gosta mesmo de ti e isso d\u00e1-te uma confian\u00e7a muito grande\u201d, referiu Martim Sousa Tavares, um dos quatro j\u00faris, numa das galas do programa.&nbsp;<\/p>\n\n\n\n<p>Em entrevista alargada ao Voz de Cambra, Eduardo Gon\u00e7alves considera que, apesar de n\u00e3o se encontrar no padr\u00e3o de &#8220;muitos talent shows&#8221; por n\u00e3o cantar muitas m\u00fasicas do panorama comercial e por &#8220;adorar explorar o ba\u00fa e cantar m\u00fasicas que n\u00e3o devem ser esquecidas&#8221;, \u00e9 a simplicidade que o tem mantido no programa, sess\u00e3o ap\u00f3s sess\u00e3o. <\/p>\n\n\n\n<p>&#8220;Penso que \u00e9 a minha simplicidade e a minha maneira de cantar e de me expressar que tem sido valorizada&#8221;, refere o jovem valecambrense. <\/p>\n\n\n\n<p>Recorde-se que concorreram ao programa mais de quatro mil pessoas, que nas audi\u00e7\u00f5es passaram mais de 300, sendo depois reduzidas a 100 e, posteriormente, restaram 30, das quais foram \u00e0s galas apenas 15 participantes e, neste momento, restam cinco, das quais faz parte Eduardo Gon\u00e7alves.&nbsp;<\/p>\n\n\n\n<p>Nascido e criado em Vale de Cambra, Eduardo Gon\u00e7alves precisa da vota\u00e7\u00e3o (761 30 30 03) dos valecambrenses, e n\u00e3o s\u00f3, para poder concretizar o sonho de vir a ser m\u00fasico profissional.&nbsp;<\/p>\n\n\n\n<p>O vencedor desta edi\u00e7\u00e3o ter\u00e1 direito a um curso intensivo na escola de m\u00fasica Berklee College, em Boston, e ainda a um Hyundai Kauai.<\/p>\n\n\n\n<hr class=\"wp-block-separator\"\/>\n\n\n\n<p><em>Leia a entrevista na integra na edi\u00e7\u00e3o impressa! Em breve nas bancas!<\/em><\/p>\n\n\n\n<figure class=\"wp-block-gallery has-nested-images columns-default is-cropped wp-block-gallery-1 is-layout-flex wp-block-gallery-is-layout-flex\">\n<figure class=\"wp-block-image size-large\"><img loading=\"lazy\" decoding=\"async\" width=\"2560\" height=\"362\" data-id=\"5352\" src=\"http:\/\/avozdecambra.pt\/wp-content\/uploads\/2022\/03\/163437954_443850753505646_7084269435532270663_n-scaled.jpeg\" alt=\"\" class=\"wp-image-5352\" srcset=\"http:\/\/avozdecambra.pt\/wp-content\/uploads\/2022\/03\/163437954_443850753505646_7084269435532270663_n-scaled.jpeg 2560w, http:\/\/avozdecambra.pt\/wp-content\/uploads\/2022\/03\/163437954_443850753505646_7084269435532270663_n-300x42.jpeg 300w, http:\/\/avozdecambra.pt\/wp-content\/uploads\/2022\/03\/163437954_443850753505646_7084269435532270663_n-1024x145.jpeg 1024w, http:\/\/avozdecambra.pt\/wp-content\/uploads\/2022\/03\/163437954_443850753505646_7084269435532270663_n-768x109.jpeg 768w, http:\/\/avozdecambra.pt\/wp-content\/uploads\/2022\/03\/163437954_443850753505646_7084269435532270663_n-1536x217.jpeg 1536w, http:\/\/avozdecambra.pt\/wp-content\/uploads\/2022\/03\/163437954_443850753505646_7084269435532270663_n-2048x289.jpeg 2048w\" sizes=\"auto, (max-width: 2560px) 100vw, 2560px\" \/><\/figure>\n<\/figure>\n","protected":false},"excerpt":{"rendered":"<p>\u00c9 um dos favoritos dos j\u00faris do programa de televis\u00e3o da SIC &#8211; \u00cddolos. O valecambrense Eduardo Gon\u00e7alves est\u00e1 entre os cinco candidatos a \u00cddolo de Portugal e precisa da vota\u00e7\u00e3o de todos para l\u00e1 chegar.&nbsp; Com 23 anos, Eduardo Gon\u00e7alves decidiu que a m\u00fasica, que j\u00e1 fazia parte da sua vida h\u00e1 muito tempo,<\/p>\n","protected":false},"author":5,"featured_media":5976,"comment_status":"open","ping_status":"open","sticky":false,"template":"","format":"standard","meta":{"_monsterinsights_skip_tracking":false,"_monsterinsights_sitenote_active":false,"_monsterinsights_sitenote_note":"","_monsterinsights_sitenote_category":0,"footnotes":""},"categories":[1],"tags":[654],"class_list":{"0":"post-5975","1":"post","2":"type-post","3":"status-publish","4":"format-standard","5":"has-post-thumbnail","7":"category-atual","8":"tag-eduardo-goncalves"},"aioseo_notices":[],"_links":{"self":[{"href":"http:\/\/avozdecambra.pt\/index.php?rest_route=\/wp\/v2\/posts\/5975","targetHints":{"allow":["GET"]}}],"collection":[{"href":"http:\/\/avozdecambra.pt\/index.php?rest_route=\/wp\/v2\/posts"}],"about":[{"href":"http:\/\/avozdecambra.pt\/index.php?rest_route=\/wp\/v2\/types\/post"}],"author":[{"embeddable":true,"href":"http:\/\/avozdecambra.pt\/index.php?rest_route=\/wp\/v2\/users\/5"}],"replies":[{"embeddable":true,"href":"http:\/\/avozdecambra.pt\/index.php?rest_route=%2Fwp%2Fv2%2Fcomments&post=5975"}],"version-history":[{"count":9,"href":"http:\/\/avozdecambra.pt\/index.php?rest_route=\/wp\/v2\/posts\/5975\/revisions"}],"predecessor-version":[{"id":6014,"href":"http:\/\/avozdecambra.pt\/index.php?rest_route=\/wp\/v2\/posts\/5975\/revisions\/6014"}],"wp:featuredmedia":[{"embeddable":true,"href":"http:\/\/avozdecambra.pt\/index.php?rest_route=\/wp\/v2\/media\/5976"}],"wp:attachment":[{"href":"http:\/\/avozdecambra.pt\/index.php?rest_route=%2Fwp%2Fv2%2Fmedia&parent=5975"}],"wp:term":[{"taxonomy":"category","embeddable":true,"href":"http:\/\/avozdecambra.pt\/index.php?rest_route=%2Fwp%2Fv2%2Fcategories&post=5975"},{"taxonomy":"post_tag","embeddable":true,"href":"http:\/\/avozdecambra.pt\/index.php?rest_route=%2Fwp%2Fv2%2Ftags&post=5975"}],"curies":[{"name":"wp","href":"https:\/\/api.w.org\/{rel}","templated":true}]}}