{"id":6451,"date":"2022-08-17T15:43:42","date_gmt":"2022-08-17T15:43:42","guid":{"rendered":"http:\/\/avozdecambra.pt\/?p=6451"},"modified":"2022-08-17T17:05:35","modified_gmt":"2022-08-17T17:05:35","slug":"alice-lopes-volta-a-representar-vale-de-cambra-no-campeonato-do-mundo-skyrunning","status":"publish","type":"post","link":"http:\/\/avozdecambra.pt\/?p=6451","title":{"rendered":"Alice Lopes volta a representar Vale de Cambra no Campeonato do Mundo Skyrunning\u00a0em It\u00e1lia"},"content":{"rendered":"\n<p><strong>A atleta Alice Lopes &#8211; que representa a Associa\u00e7\u00e3o Desportiva e Cultural da Felgueira (ADCF), em Ar\u00f5es &#8211; foi convocada para representar a sele\u00e7\u00e3o nacional no Campeonato do Mundo Skyrunning a 11 de setembro, em It\u00e1lia. &nbsp;<\/strong><\/p>\n\n\n\n<p>O campeonato do mundo decorre no dia 11 de setembro, no Vale Bognanco, em It\u00e1lia, onde existem paisagens montanhosas, caminhos, cumes, picos e lagos alpinos, numa prova de 30 kms.&nbsp;<\/p>\n\n\n\n<p>Alice Lopes volta assim a representar Vale de Cambra no Campeonato do Mundo Skyrunning, prova que j\u00e1 fez em julho de 2021 e que a levou a subir a montanha dos Pirin\u00e9us e representa a modalidade federada da Associa\u00e7\u00e3o Desportiva e Cultural da da Felgueira (ADCF) Freita Skyrunning, Ar\u00f5es, em Vale de Cambra.&nbsp;<\/p>\n\n\n\n<p>A atleta foi campe\u00e3 nacional de Skyrunning em 2019 e ganhou a medalha de bronze no Campeonato Europeu Skyrunning 2021, foi vice campe\u00e3 nacional skyrace, sagrou-se vice campe\u00e3 no campeonato Ib\u00e9rico e campe\u00e3 nacional F40 skyrace. Pretende agora conseguir o melhor resultado no campeonato do mundo.<\/p>\n\n\n\n<p>\u201cVoltar a representar Vale de Cambra e Portugal no Mundial \u00e9 gratificante mas, ao mesmo tempo, uma grande responsabilidade. Mas, um a coisa, posso garantir: darei o meu melhor, sempre\u201d, revela ao Voz de Cambra a atleta, que parte para It\u00e1lia a 9 de setembro.<\/p>\n\n\n\n<p>A atleta corre h\u00e1 mais de 20 anos em estrada, ja fez in\u00fameras maratonas e, depois do nascimento do filho, resolveu experimentar montanha, modalidade em que foi apostando, com o apoio da Associa\u00e7\u00e3o da Felgueira, em Ar\u00f5es, que j\u00e1 tinha criado, em 2013, a atividade Skyrunning.&nbsp;A modalidade ganhou outro patamar, em 2017, com a primeira competi\u00e7\u00e3o oficial e federada e a iniciativa FreitaSkyrunning, uma parceria com a C\u00e2mara Municipal de Vale de Cambra e em coopera\u00e7\u00e3o com v\u00e1rias institui\u00e7\u00f5es p\u00fablicas e privadas.&nbsp;<\/p>\n\n\n\n<p>Com 40 anos de hist\u00f3ria e associativismo, para a ADCF ver, mais uma vez, a sua campe\u00e3 Alice Lopes a representar o pa\u00eds no campeonato mundial \u00e9 \u201cum orgulho\u201d para todos os que fazem parte da modalidade e para todos os que se quiserem juntar a ela, assinalou o presidente da Associa\u00e7\u00e3o, Jos\u00e9 Ferreira ao Voz de Cambra. &nbsp;<\/p>\n","protected":false},"excerpt":{"rendered":"<p>A atleta Alice Lopes &#8211; que representa a Associa\u00e7\u00e3o Desportiva e Cultural da Felgueira (ADCF), em Ar\u00f5es &#8211; foi convocada para representar a sele\u00e7\u00e3o nacional no Campeonato do Mundo Skyrunning a 11 de setembro, em It\u00e1lia. &nbsp; O campeonato do mundo decorre no dia 11 de setembro, no Vale Bognanco, em It\u00e1lia, onde existem paisagens<\/p>\n","protected":false},"author":5,"featured_media":6457,"comment_status":"open","ping_status":"open","sticky":false,"template":"","format":"standard","meta":{"_monsterinsights_skip_tracking":false,"_monsterinsights_sitenote_active":false,"_monsterinsights_sitenote_note":"","_monsterinsights_sitenote_category":0,"footnotes":""},"categories":[585,1,5],"tags":[686,112,460,420],"class_list":{"0":"post-6451","1":"post","2":"type-post","3":"status-publish","4":"format-standard","5":"has-post-thumbnail","7":"category-agenda","8":"category-atual","9":"category-desporto","10":"tag-adcf","11":"tag-aroes","12":"tag-felgueira","13":"tag-skyrunning"},"aioseo_notices":[],"_links":{"self":[{"href":"http:\/\/avozdecambra.pt\/index.php?rest_route=\/wp\/v2\/posts\/6451","targetHints":{"allow":["GET"]}}],"collection":[{"href":"http:\/\/avozdecambra.pt\/index.php?rest_route=\/wp\/v2\/posts"}],"about":[{"href":"http:\/\/avozdecambra.pt\/index.php?rest_route=\/wp\/v2\/types\/post"}],"author":[{"embeddable":true,"href":"http:\/\/avozdecambra.pt\/index.php?rest_route=\/wp\/v2\/users\/5"}],"replies":[{"embeddable":true,"href":"http:\/\/avozdecambra.pt\/index.php?rest_route=%2Fwp%2Fv2%2Fcomments&post=6451"}],"version-history":[{"count":7,"href":"http:\/\/avozdecambra.pt\/index.php?rest_route=\/wp\/v2\/posts\/6451\/revisions"}],"predecessor-version":[{"id":6462,"href":"http:\/\/avozdecambra.pt\/index.php?rest_route=\/wp\/v2\/posts\/6451\/revisions\/6462"}],"wp:featuredmedia":[{"embeddable":true,"href":"http:\/\/avozdecambra.pt\/index.php?rest_route=\/wp\/v2\/media\/6457"}],"wp:attachment":[{"href":"http:\/\/avozdecambra.pt\/index.php?rest_route=%2Fwp%2Fv2%2Fmedia&parent=6451"}],"wp:term":[{"taxonomy":"category","embeddable":true,"href":"http:\/\/avozdecambra.pt\/index.php?rest_route=%2Fwp%2Fv2%2Fcategories&post=6451"},{"taxonomy":"post_tag","embeddable":true,"href":"http:\/\/avozdecambra.pt\/index.php?rest_route=%2Fwp%2Fv2%2Ftags&post=6451"}],"curies":[{"name":"wp","href":"https:\/\/api.w.org\/{rel}","templated":true}]}}