{"id":6508,"date":"2022-08-24T16:34:12","date_gmt":"2022-08-24T16:34:12","guid":{"rendered":"http:\/\/avozdecambra.pt\/?p=6508"},"modified":"2022-08-24T17:07:10","modified_gmt":"2022-08-24T17:07:10","slug":"unico-exemplar-do-mercedes-maybach-gl-comercializado-em-portugal-foi-vendido-a-empresario-de-vale-de-cambra","status":"publish","type":"post","link":"http:\/\/avozdecambra.pt\/?p=6508","title":{"rendered":"\u00danico exemplar do Mercedes-Maybach GL comercializado em Portugal foi vendido a empres\u00e1rio de Vale de Cambra"},"content":{"rendered":"\n<p><strong>O \u00fanico exemplar comercializado do SUV Mercedes-Maybach GLS 600 4MATIC foi vendido pela Sociedade Comercial C. Santos, da Maia, a um empres\u00e1rio de Vale de Cambra, com um pre\u00e7o final de cerca de 340 mil euros.<\/strong><\/p>\n\n\n\n<p>\u201cIntegrar o processo de encomenda e de entrega de um modelo t\u00e3o exclusivo como este a um cliente que significa muito para a Sociedade Comercial C. Santos \u00e9 um orgulho para a nossa empresa e, naturalmente, para mim enquanto profissional\u201d, explica Carlos Henriques, membro da equipa comercial que liderou o processo na Sociedade Comercial C. Santos, em nota de imprensa chegada \u00e0 reda\u00e7\u00e3o do Voz de Cambra.&nbsp;<\/p>\n\n\n\n<p>Para assinalar os 100 anos sobre a apresenta\u00e7\u00e3o do W3 \u2013 o primeiro modelo de produ\u00e7\u00e3o em s\u00e9rie da Maybach Motorenbau GmbH \u2013, que foi revelado em setembro de 1921, a Mercedes-Maybach anunciou a cria\u00e7\u00e3o de vers\u00f5es exclusivas comemorativas do centen\u00e1rio da marca para os modelos Classe S e GLS, ambas limitadas a apenas 100 exemplares.<\/p>\n\n\n\n<p><strong>Luxo e conforto<\/strong><\/p>\n\n\n\n<p>Embora tenha mais de 5,2 metros de comprimento e quase 1,9 metros de altura, o Mercedes-Maybach GLS 600 4MATIC tem performances de um verdadeiro autom\u00f3vel desportivo. Com motor V8 biturbo 4.0 a gasolina de 557 cv (mais 22 cv do sistema el\u00e9trico EQ Boost de 48 V), o modelo acelera dos zero aos 100 km\/h em apenas 4,9 segundos e atinge uma velocidade m\u00e1xima (limitada eletronicamente) de 250 km\/h. O consumo combinado de combust\u00edvel \u00e9 de 13,1 l\/100 km e as emiss\u00f5es combinadas de CO2 de 297 g\/km (em ambos os casos no ciclo WLTP).&nbsp;<\/p>\n\n\n\n<p>33 cent\u00edmetros mais alto que o Classe S, o Mercedes-Maybach GLS 600 4MATIC oferece um interior \u00fanico e com 1,10 metros de espa\u00e7o para pernas e suspens\u00e3o pneum\u00e1tica. O interior \u00e9 \u00e0 prova de som e com um ambiente de luxo, em que se destacam o couro de elevada qualidade e os acabamentos em piano lacado preto de alto brilho com linhas p\u00e9rola MANUFAKTUR. O acesso e a sa\u00edda a partir do ve\u00edculo tamb\u00e9m se processam de forma extremamente confort\u00e1vel, atrav\u00e9s de estribos eletronicamente extens\u00edveis e que se iluminam automaticamente quando as portas se abrem. Nessa altura, a carro\u00e7aria tamb\u00e9m \u00e9 ligeiramente rebaixada para facilitar o acesso ou a sa\u00edda do ve\u00edculo, aumentando o \u00edndice de conforto e seguran\u00e7a.<\/p>\n\n\n\n<p>O Mercedes-Maybach GLS 600 4MATIC Edition 100 (tal como o Classe S Edition 100) \u00e9 ainda mais refinado do que os restantes modelos exclusivos da marca de luxo, refere a nota. \u00c9 pintado \u00e0 m\u00e3o nas duas cores Maybach Prata e Azul Nautic e apresenta um design especial de interiores em pele nas cores Branco Cristal e Prata P\u00e9rola MANUFAKTUR. O log\u00f3tipo da marca, incluindo a inscri\u00e7\u00e3o Edition 100, adorna o pilar D deste imponentes SUV, bem como v\u00e1rios compartimentos de arruma\u00e7\u00e3o e os pain\u00e9is iluminados no interior. Tamb\u00e9m as jantes s\u00e3o especiais desta edi\u00e7\u00e3o.&nbsp;<\/p>\n\n\n\n<p>Com um pre\u00e7o final superior a 338 mil euros, o veiculo tem detalhes que revelam o tipo de exclusividade como as embaladeiras das portas iluminadas com lettering Edition 100, a capa de prote\u00e7\u00e3o exterior Edition 100 ou, entre muitos outros elementos de luxo, a caixa em pele Branco Crystal com as chaves do ve\u00edculo, o porta-chaves Edition 100 e uma caneta ballpoint desenvolvida para esta edi\u00e7\u00e3o.<\/p>\n\n\n\n<figure class=\"wp-block-gallery has-nested-images columns-default is-cropped wp-block-gallery-1 is-layout-flex wp-block-gallery-is-layout-flex\">\n<figure class=\"wp-block-image size-large\"><img loading=\"lazy\" decoding=\"async\" width=\"1024\" height=\"576\" data-id=\"6511\" src=\"http:\/\/avozdecambra.pt\/wp-content\/uploads\/2022\/08\/mercedes-2-1024x576.jpg\" alt=\"\" class=\"wp-image-6511\" srcset=\"http:\/\/avozdecambra.pt\/wp-content\/uploads\/2022\/08\/mercedes-2-1024x576.jpg 1024w, http:\/\/avozdecambra.pt\/wp-content\/uploads\/2022\/08\/mercedes-2-300x169.jpg 300w, http:\/\/avozdecambra.pt\/wp-content\/uploads\/2022\/08\/mercedes-2-768x432.jpg 768w, http:\/\/avozdecambra.pt\/wp-content\/uploads\/2022\/08\/mercedes-2-150x84.jpg 150w, http:\/\/avozdecambra.pt\/wp-content\/uploads\/2022\/08\/mercedes-2-450x253.jpg 450w, http:\/\/avozdecambra.pt\/wp-content\/uploads\/2022\/08\/mercedes-2.jpg 1200w\" sizes=\"auto, (max-width: 1024px) 100vw, 1024px\" \/><\/figure>\n<\/figure>\n","protected":false},"excerpt":{"rendered":"<p>O \u00fanico exemplar comercializado do SUV Mercedes-Maybach GLS 600 4MATIC foi vendido pela Sociedade Comercial C. Santos, da Maia, a um empres\u00e1rio de Vale de Cambra, com um pre\u00e7o final de cerca de 340 mil euros. \u201cIntegrar o processo de encomenda e de entrega de um modelo t\u00e3o exclusivo como este a um cliente que<\/p>\n","protected":false},"author":5,"featured_media":6510,"comment_status":"open","ping_status":"open","sticky":false,"template":"","format":"standard","meta":{"_monsterinsights_skip_tracking":false,"_monsterinsights_sitenote_active":false,"_monsterinsights_sitenote_note":"","_monsterinsights_sitenote_category":0,"footnotes":""},"categories":[1,20,19],"tags":[689],"class_list":{"0":"post-6508","1":"post","2":"type-post","3":"status-publish","4":"format-standard","5":"has-post-thumbnail","7":"category-atual","8":"category-publireportagem","9":"category-publicidade","10":"tag-mercedes-maybach-gls"},"aioseo_notices":[],"_links":{"self":[{"href":"http:\/\/avozdecambra.pt\/index.php?rest_route=\/wp\/v2\/posts\/6508","targetHints":{"allow":["GET"]}}],"collection":[{"href":"http:\/\/avozdecambra.pt\/index.php?rest_route=\/wp\/v2\/posts"}],"about":[{"href":"http:\/\/avozdecambra.pt\/index.php?rest_route=\/wp\/v2\/types\/post"}],"author":[{"embeddable":true,"href":"http:\/\/avozdecambra.pt\/index.php?rest_route=\/wp\/v2\/users\/5"}],"replies":[{"embeddable":true,"href":"http:\/\/avozdecambra.pt\/index.php?rest_route=%2Fwp%2Fv2%2Fcomments&post=6508"}],"version-history":[{"count":1,"href":"http:\/\/avozdecambra.pt\/index.php?rest_route=\/wp\/v2\/posts\/6508\/revisions"}],"predecessor-version":[{"id":6512,"href":"http:\/\/avozdecambra.pt\/index.php?rest_route=\/wp\/v2\/posts\/6508\/revisions\/6512"}],"wp:featuredmedia":[{"embeddable":true,"href":"http:\/\/avozdecambra.pt\/index.php?rest_route=\/wp\/v2\/media\/6510"}],"wp:attachment":[{"href":"http:\/\/avozdecambra.pt\/index.php?rest_route=%2Fwp%2Fv2%2Fmedia&parent=6508"}],"wp:term":[{"taxonomy":"category","embeddable":true,"href":"http:\/\/avozdecambra.pt\/index.php?rest_route=%2Fwp%2Fv2%2Fcategories&post=6508"},{"taxonomy":"post_tag","embeddable":true,"href":"http:\/\/avozdecambra.pt\/index.php?rest_route=%2Fwp%2Fv2%2Ftags&post=6508"}],"curies":[{"name":"wp","href":"https:\/\/api.w.org\/{rel}","templated":true}]}}