{"id":6604,"date":"2022-09-01T15:25:23","date_gmt":"2022-09-01T15:25:23","guid":{"rendered":"http:\/\/avozdecambra.pt\/?p=6604"},"modified":"2022-09-01T15:31:47","modified_gmt":"2022-09-01T15:31:47","slug":"vale-de-cambra-recebe-festival-de-cerveja-artesanal-este-fim-de-semana","status":"publish","type":"post","link":"http:\/\/avozdecambra.pt\/?p=6604","title":{"rendered":"Vale de Cambra recebe festa da cerveja artesanal este fim de semana"},"content":{"rendered":"\n<p><strong>Evento disponibiliza nove variedades para provar entre esta sexta-feira e domingo, dia 4 de setembro<\/strong><\/p>\n\n\n\n<p>O munic\u00edpio de Vale de Cambra promove o primeiro \u201cVale Beer Fest\u201d, entre sexta-feira e domingo, zona pedonal e jardim central da cidade.<\/p>\n\n\n\n<p>Com a participa\u00e7\u00e3o de nove cervejeiros, que apresentam as variedades de cerveja artesanal, este evento inclui tamb\u00e9m gastronomia e anima\u00e7\u00e3o.<\/p>\n\n\n\n<p>O evento contar\u00e1 ainda com a \u201cStreet Food\u201d, uma iniciativa que pretende dar a conhecer as ofertas e conceitos gastron\u00f3micos da regi\u00e3o.&nbsp;<\/p>\n\n\n\n<p>A anima\u00e7\u00e3o estar\u00e1 bem presente, com a presen\u00e7a de bandas e DJ\u00b4s, que v\u00e3o atuar nos tr\u00eas dias da festa.&nbsp; <\/p>\n\n\n\n<p>Com a realiza\u00e7\u00e3o da primeira festa da cerveja artesanal no concelho, o munic\u00edpio de Vale de Cambra pretende marcar posi\u00e7\u00e3o relativamente a uma bebida artesanal, da qual fazem parte marcas, criadas por valecambrenses.&nbsp;&nbsp;<\/p>\n","protected":false},"excerpt":{"rendered":"<p>Evento disponibiliza nove variedades para provar entre esta sexta-feira e domingo, dia 4 de setembro O munic\u00edpio de Vale de Cambra promove o primeiro \u201cVale Beer Fest\u201d, entre sexta-feira e domingo, zona pedonal e jardim central da cidade. Com a participa\u00e7\u00e3o de nove cervejeiros, que apresentam as variedades de cerveja artesanal, este evento inclui tamb\u00e9m<\/p>\n","protected":false},"author":5,"featured_media":6607,"comment_status":"open","ping_status":"open","sticky":false,"template":"","format":"standard","meta":{"_monsterinsights_skip_tracking":false,"_monsterinsights_sitenote_active":false,"_monsterinsights_sitenote_note":"","_monsterinsights_sitenote_category":0,"footnotes":""},"categories":[585,1],"tags":[699,680],"class_list":{"0":"post-6604","1":"post","2":"type-post","3":"status-publish","4":"format-standard","5":"has-post-thumbnail","7":"category-agenda","8":"category-atual","9":"tag-street-food","10":"tag-vale-beer-fest"},"aioseo_notices":[],"_links":{"self":[{"href":"http:\/\/avozdecambra.pt\/index.php?rest_route=\/wp\/v2\/posts\/6604","targetHints":{"allow":["GET"]}}],"collection":[{"href":"http:\/\/avozdecambra.pt\/index.php?rest_route=\/wp\/v2\/posts"}],"about":[{"href":"http:\/\/avozdecambra.pt\/index.php?rest_route=\/wp\/v2\/types\/post"}],"author":[{"embeddable":true,"href":"http:\/\/avozdecambra.pt\/index.php?rest_route=\/wp\/v2\/users\/5"}],"replies":[{"embeddable":true,"href":"http:\/\/avozdecambra.pt\/index.php?rest_route=%2Fwp%2Fv2%2Fcomments&post=6604"}],"version-history":[{"count":4,"href":"http:\/\/avozdecambra.pt\/index.php?rest_route=\/wp\/v2\/posts\/6604\/revisions"}],"predecessor-version":[{"id":6610,"href":"http:\/\/avozdecambra.pt\/index.php?rest_route=\/wp\/v2\/posts\/6604\/revisions\/6610"}],"wp:featuredmedia":[{"embeddable":true,"href":"http:\/\/avozdecambra.pt\/index.php?rest_route=\/wp\/v2\/media\/6607"}],"wp:attachment":[{"href":"http:\/\/avozdecambra.pt\/index.php?rest_route=%2Fwp%2Fv2%2Fmedia&parent=6604"}],"wp:term":[{"taxonomy":"category","embeddable":true,"href":"http:\/\/avozdecambra.pt\/index.php?rest_route=%2Fwp%2Fv2%2Fcategories&post=6604"},{"taxonomy":"post_tag","embeddable":true,"href":"http:\/\/avozdecambra.pt\/index.php?rest_route=%2Fwp%2Fv2%2Ftags&post=6604"}],"curies":[{"name":"wp","href":"https:\/\/api.w.org\/{rel}","templated":true}]}}