{"id":6644,"date":"2022-09-07T17:19:28","date_gmt":"2022-09-07T17:19:28","guid":{"rendered":"http:\/\/avozdecambra.pt\/?p=6644"},"modified":"2022-09-08T08:39:41","modified_gmt":"2022-09-08T08:39:41","slug":"vale-de-cambra-prepara-200-professores-para-gestao-de-emocoes-no-novo-ano-letivo","status":"publish","type":"post","link":"http:\/\/avozdecambra.pt\/?p=6644","title":{"rendered":"Vale de Cambra prepara 200 professores para a gest\u00e3o de emo\u00e7\u00f5es no novo Ano Letivo"},"content":{"rendered":"\n<p><strong>O Munic\u00edpio de Vale de Cambra levou a cabo, esta quarta-feira, o s\u00e9timo Col\u00f3quio da Educa\u00e7\u00e3o, que reuniu duas centenas de professores das escolas de todo o concelho e debateu o \u201cSentir e Saber\u201d, como \u201cInterse\u00e7\u00f5es na Aprendizagem\u201d dos alunos.&nbsp;<\/strong><\/p>\n\n\n\n<p>O evento, que decorreu no Centro Cultural de Macieira de Cambra, foi promovido pela C\u00e2mara Municipal de Vale de Cambra (Projeto Ra\u00edzes), em parceria com o Agrupamento de Escolas de B\u00fazio.\u00a0<\/p>\n\n\n\n<p>O diretor do \u00fanico agrupamento de escolas em Vale de Cambra, Pedro Martins abriu esta sess\u00e3o e sublinhou a import\u00e2ncia de debater temas ligados \u00e0 gest\u00e3o de emo\u00e7\u00f5es, numa altura em que est\u00e3o ainda bem patentes as marcas deixadas pela pandemia.&nbsp;<\/p>\n\n\n\n<p>\u201cTemos crian\u00e7as e jovens com dificuldades de relacionamentos entre si, com os outros, com os professores e auxiliares e, estas aprendizagens, podem ser levadas e aplicadas no Agrupamento para melhorar ainda mais a pr\u00e1tica letiva \u201d, referiu o respons\u00e1vel.&nbsp;<\/p>\n\n\n\n<p>Presente no Col\u00f3quio, esteve tamb\u00e9m o diretor do Centro de Forma\u00e7\u00e3o de Associa\u00e7\u00e3o de Escolas dos Concelhos de Arouca, Vale de Cambra e Oliveira de Azem\u00e9is (AVCOA), Jos\u00e9 Rosa que tamb\u00e9m ali deixou uma mensagem de esperan\u00e7a, naquele que se espera ser um pr\u00f3ximo ano letivo, sem pandemia e, \u201conde se possam estabelecer interpela\u00e7\u00f5es entre os v\u00e1rios parceiros\u201d.&nbsp;<\/p>\n\n\n\n<p>O primeiro orador da palestra foi Vitorino Costa, docente e investigador no Instituto Superior de Fafe, que abordou o tema: \u201cDesenvolvimento Emocional e Aprendizagem\u201d e que deixou uma mensagem a todos os docentes.&nbsp;<\/p>\n\n\n\n<p>\u201cPara motivar \u00e9 preciso muito, mas mesmo muita empatia\u201d e ainda que \u201cs\u00f3 se educa com o cora\u00e7\u00e3o\u201d, frisou.&nbsp;<\/p>\n\n\n\n<p>O professor, lembrou ainda que um professor deve conhecer as bases da neuroci\u00eancia &#8211; um conjunto de disciplinas que estudam o c\u00e9rebro e as suas influ\u00eancias na nossa conduta &#8211;&nbsp; para ter melhores condi\u00e7\u00f5es para ensinar os seus alunos.&nbsp;<\/p>\n\n\n\n<p>Para al\u00e9m de Vitorino Costa, foram oradores deste evento: Ana Isabel Correia, professora, formadora, c<em>oach<\/em>, mentora e investigadora; Manuel Ant\u00f3nio Santos de Oliveira, presidente da CPCJ de Vale de Cambra; Magda Dias, <em>coach, <\/em>formadora e fundadora da Escola da Parentalidade e Educa\u00e7\u00e3o Positivas; e Elsa Cerqueira, professora e vencedora do <em>Global Teacher Prize <\/em>Portugal 2021. &nbsp;<\/p>\n\n\n\n<p>A vereadora da Educa\u00e7\u00e3o da C\u00e2mara de Vale de Cambra, M\u00f3nica Seixas lembrou, ao jornal Voz de Cambra, que esta iniciativa, contou com especialistas em v\u00e1rias mat\u00e9rias, que &#8220;certamente v\u00e3o transmitir estrat\u00e9gias \u00fateis para a pr\u00e1tica dos docentes, refor\u00e7ando o papel das emo\u00e7\u00f5es no processo da aprendizagem&#8221;.  <\/p>\n\n\n\n<p>Al\u00e9m do col\u00f3quio, decorreu tamb\u00e9m o sexto Encontro de Assistentes Operacionais da parte da tarde na Biblioteca Municipal, subordinado ao tema \u201cRaz\u00f5es e Emo\u00e7\u00f5es\u201d, onde tamb\u00e9m estiveram os oradores, Vitorino Costa e Ana Isabel Correia. Aqui, participaram cerca de 100 assistentes operacionais. <\/p>\n\n\n\n<p>Tanto o Col\u00f3quio da Educa\u00e7\u00e3o como o Encontro de Assistentes Operacionais, contou com um momento cultural de dan\u00e7a contempor\u00e2nea pela Associa\u00e7\u00e3o 2singular.<\/p>\n\n\n\n<p><em>Leia a not\u00edcia na integra na edi\u00e7\u00e3o impressa! Em breve nas bancas!<\/em><\/p>\n\n\n\n<figure class=\"wp-block-image size-large\"><img loading=\"lazy\" decoding=\"async\" width=\"1024\" height=\"145\" src=\"http:\/\/avozdecambra.pt\/wp-content\/uploads\/2022\/07\/163437954_443850753505646_7084269435532270663_n-1-1024x145.jpeg\" alt=\"\" class=\"wp-image-6373\" srcset=\"http:\/\/avozdecambra.pt\/wp-content\/uploads\/2022\/07\/163437954_443850753505646_7084269435532270663_n-1-1024x145.jpeg 1024w, http:\/\/avozdecambra.pt\/wp-content\/uploads\/2022\/07\/163437954_443850753505646_7084269435532270663_n-1-300x42.jpeg 300w, http:\/\/avozdecambra.pt\/wp-content\/uploads\/2022\/07\/163437954_443850753505646_7084269435532270663_n-1-768x109.jpeg 768w, http:\/\/avozdecambra.pt\/wp-content\/uploads\/2022\/07\/163437954_443850753505646_7084269435532270663_n-1-1536x217.jpeg 1536w, http:\/\/avozdecambra.pt\/wp-content\/uploads\/2022\/07\/163437954_443850753505646_7084269435532270663_n-1-2048x289.jpeg 2048w, http:\/\/avozdecambra.pt\/wp-content\/uploads\/2022\/07\/163437954_443850753505646_7084269435532270663_n-1-150x21.jpeg 150w, http:\/\/avozdecambra.pt\/wp-content\/uploads\/2022\/07\/163437954_443850753505646_7084269435532270663_n-1-450x64.jpeg 450w, http:\/\/avozdecambra.pt\/wp-content\/uploads\/2022\/07\/163437954_443850753505646_7084269435532270663_n-1-1200x170.jpeg 1200w\" sizes=\"auto, (max-width: 1024px) 100vw, 1024px\" \/><\/figure>\n\n\n\n<figure class=\"wp-block-image size-large\"><img loading=\"lazy\" decoding=\"async\" width=\"1024\" height=\"145\" src=\"http:\/\/avozdecambra.pt\/wp-content\/uploads\/2022\/09\/ESTE-1024x145.jpg\" alt=\"\" class=\"wp-image-6617\" srcset=\"http:\/\/avozdecambra.pt\/wp-content\/uploads\/2022\/09\/ESTE-1024x145.jpg 1024w, http:\/\/avozdecambra.pt\/wp-content\/uploads\/2022\/09\/ESTE-300x42.jpg 300w, http:\/\/avozdecambra.pt\/wp-content\/uploads\/2022\/09\/ESTE-768x109.jpg 768w, http:\/\/avozdecambra.pt\/wp-content\/uploads\/2022\/09\/ESTE-1536x217.jpg 1536w, http:\/\/avozdecambra.pt\/wp-content\/uploads\/2022\/09\/ESTE-2048x289.jpg 2048w, http:\/\/avozdecambra.pt\/wp-content\/uploads\/2022\/09\/ESTE-150x21.jpg 150w, http:\/\/avozdecambra.pt\/wp-content\/uploads\/2022\/09\/ESTE-450x64.jpg 450w, http:\/\/avozdecambra.pt\/wp-content\/uploads\/2022\/09\/ESTE-1200x170.jpg 1200w\" sizes=\"auto, (max-width: 1024px) 100vw, 1024px\" \/><\/figure>\n","protected":false},"excerpt":{"rendered":"<p>O Munic\u00edpio de Vale de Cambra levou a cabo, esta quarta-feira, o s\u00e9timo Col\u00f3quio da Educa\u00e7\u00e3o, que reuniu duas centenas de professores das escolas de todo o concelho e debateu o \u201cSentir e Saber\u201d, como \u201cInterse\u00e7\u00f5es na Aprendizagem\u201d dos alunos.&nbsp; O evento, que decorreu no Centro Cultural de Macieira de Cambra, foi promovido pela C\u00e2mara<\/p>\n","protected":false},"author":5,"featured_media":6645,"comment_status":"open","ping_status":"open","sticky":false,"template":"","format":"standard","meta":{"_monsterinsights_skip_tracking":false,"_monsterinsights_sitenote_active":false,"_monsterinsights_sitenote_note":"","_monsterinsights_sitenote_category":0,"footnotes":""},"categories":[1],"tags":[702],"class_list":{"0":"post-6644","1":"post","2":"type-post","3":"status-publish","4":"format-standard","5":"has-post-thumbnail","7":"category-atual","8":"tag-vii-coloquio-da-educacao"},"aioseo_notices":[],"_links":{"self":[{"href":"http:\/\/avozdecambra.pt\/index.php?rest_route=\/wp\/v2\/posts\/6644","targetHints":{"allow":["GET"]}}],"collection":[{"href":"http:\/\/avozdecambra.pt\/index.php?rest_route=\/wp\/v2\/posts"}],"about":[{"href":"http:\/\/avozdecambra.pt\/index.php?rest_route=\/wp\/v2\/types\/post"}],"author":[{"embeddable":true,"href":"http:\/\/avozdecambra.pt\/index.php?rest_route=\/wp\/v2\/users\/5"}],"replies":[{"embeddable":true,"href":"http:\/\/avozdecambra.pt\/index.php?rest_route=%2Fwp%2Fv2%2Fcomments&post=6644"}],"version-history":[{"count":7,"href":"http:\/\/avozdecambra.pt\/index.php?rest_route=\/wp\/v2\/posts\/6644\/revisions"}],"predecessor-version":[{"id":6655,"href":"http:\/\/avozdecambra.pt\/index.php?rest_route=\/wp\/v2\/posts\/6644\/revisions\/6655"}],"wp:featuredmedia":[{"embeddable":true,"href":"http:\/\/avozdecambra.pt\/index.php?rest_route=\/wp\/v2\/media\/6645"}],"wp:attachment":[{"href":"http:\/\/avozdecambra.pt\/index.php?rest_route=%2Fwp%2Fv2%2Fmedia&parent=6644"}],"wp:term":[{"taxonomy":"category","embeddable":true,"href":"http:\/\/avozdecambra.pt\/index.php?rest_route=%2Fwp%2Fv2%2Fcategories&post=6644"},{"taxonomy":"post_tag","embeddable":true,"href":"http:\/\/avozdecambra.pt\/index.php?rest_route=%2Fwp%2Fv2%2Ftags&post=6644"}],"curies":[{"name":"wp","href":"https:\/\/api.w.org\/{rel}","templated":true}]}}