{"id":666,"date":"2020-05-16T22:27:13","date_gmt":"2020-05-16T22:27:13","guid":{"rendered":"http:\/\/avozdecambra.pt\/?p=666"},"modified":"2020-05-16T22:27:14","modified_gmt":"2020-05-16T22:27:14","slug":"covid-19-sobe-lentamente-numero-de-novos-casos-infetados-em-vale-de-cambra","status":"publish","type":"post","link":"http:\/\/avozdecambra.pt\/?p=666","title":{"rendered":"Covid-19. Sobe lentamente n\u00famero de novos casos infetados em Vale de Cambra"},"content":{"rendered":"\n<p><strong>Sobe lentamente o n\u00famero de novos casos de covid-19 no concelho. Desde o in\u00edcio do m\u00eas de maio, o n\u00famero de infetados aumentou de 150 para 161.\u00a0<\/strong><\/p>\n\n\n\n<p>Tem sido lenta a subida, mas ainda n\u00e3o estancou o cont\u00e1gio da doen\u00e7a do novo coronav\u00edrus no concelho.&nbsp;<\/p>\n\n\n\n<p>Desde o dia 1 de maio, que apresentava 150 casos, aumentou para mais 11 o n\u00famero de infetados.&nbsp;<\/p>\n\n\n\n<p>O presidente da C\u00e2mara de Vale de Cambra informou este s\u00e1bado, a exist\u00eancia de um novo caso, o que faz subir para 161, mais um infetado do que ontem.<\/p>\n\n\n\n<p>Entre os n\u00fameros j\u00e1 confirmados (161), em termos acumulados desde o in\u00edcio da pandemia, os recuperados (79) e os \u00f3bitos (13 \u2013 recorde-se que aqui est\u00e1 contabilizado mais um do que no boletim das autoridades locais porque a vitima mortal n\u00e3o era natural de Vale de Cambra), o concelho tem agora 28 casos ainda ativos.<\/p>\n","protected":false},"excerpt":{"rendered":"<p>Sobe lentamente o n\u00famero de novos casos de covid-19 no concelho. Desde o in\u00edcio do m\u00eas de maio, o n\u00famero de infetados aumentou de 150 para 161.\u00a0 Tem sido lenta a subida, mas ainda n\u00e3o estancou o cont\u00e1gio da doen\u00e7a do novo coronav\u00edrus no concelho.&nbsp; Desde o dia 1 de maio, que apresentava 150 casos,<\/p>\n","protected":false},"author":5,"featured_media":667,"comment_status":"open","ping_status":"open","sticky":false,"template":"","format":"standard","meta":{"_monsterinsights_skip_tracking":false,"_monsterinsights_sitenote_active":false,"_monsterinsights_sitenote_note":"","_monsterinsights_sitenote_category":0,"footnotes":""},"categories":[1],"tags":[10],"class_list":{"0":"post-666","1":"post","2":"type-post","3":"status-publish","4":"format-standard","5":"has-post-thumbnail","7":"category-atual","8":"tag-covid-19"},"aioseo_notices":[],"_links":{"self":[{"href":"http:\/\/avozdecambra.pt\/index.php?rest_route=\/wp\/v2\/posts\/666","targetHints":{"allow":["GET"]}}],"collection":[{"href":"http:\/\/avozdecambra.pt\/index.php?rest_route=\/wp\/v2\/posts"}],"about":[{"href":"http:\/\/avozdecambra.pt\/index.php?rest_route=\/wp\/v2\/types\/post"}],"author":[{"embeddable":true,"href":"http:\/\/avozdecambra.pt\/index.php?rest_route=\/wp\/v2\/users\/5"}],"replies":[{"embeddable":true,"href":"http:\/\/avozdecambra.pt\/index.php?rest_route=%2Fwp%2Fv2%2Fcomments&post=666"}],"version-history":[{"count":1,"href":"http:\/\/avozdecambra.pt\/index.php?rest_route=\/wp\/v2\/posts\/666\/revisions"}],"predecessor-version":[{"id":668,"href":"http:\/\/avozdecambra.pt\/index.php?rest_route=\/wp\/v2\/posts\/666\/revisions\/668"}],"wp:featuredmedia":[{"embeddable":true,"href":"http:\/\/avozdecambra.pt\/index.php?rest_route=\/wp\/v2\/media\/667"}],"wp:attachment":[{"href":"http:\/\/avozdecambra.pt\/index.php?rest_route=%2Fwp%2Fv2%2Fmedia&parent=666"}],"wp:term":[{"taxonomy":"category","embeddable":true,"href":"http:\/\/avozdecambra.pt\/index.php?rest_route=%2Fwp%2Fv2%2Fcategories&post=666"},{"taxonomy":"post_tag","embeddable":true,"href":"http:\/\/avozdecambra.pt\/index.php?rest_route=%2Fwp%2Fv2%2Ftags&post=666"}],"curies":[{"name":"wp","href":"https:\/\/api.w.org\/{rel}","templated":true}]}}