{"id":6663,"date":"2022-09-13T15:25:32","date_gmt":"2022-09-13T15:25:32","guid":{"rendered":"http:\/\/avozdecambra.pt\/?p=6663"},"modified":"2022-09-13T19:58:05","modified_gmt":"2022-09-13T19:58:05","slug":"freita-recebe-atletas-de-todo-o-pais-para-competir-na-prova-de-skyrunnig","status":"publish","type":"post","link":"http:\/\/avozdecambra.pt\/?p=6663","title":{"rendered":"Freita recebe atletas de todo o pa\u00eds para competir na prova nacional de Skyrunnig"},"content":{"rendered":"\n<p><strong>&nbsp;A edi\u00e7\u00e3o deste ano do Freita Skyrunnig vai realizar-se a 1 e 2 de outubro, na Serra da Freita, em Ar\u00f5es. Trata-se de uma \u201cProva Oficial de Skyrunning \u2013 Portugal 2022\u201d, t\u00edtulo atribu\u00eddo pela Federa\u00e7\u00e3o de Campismo e Montanhismo de Portugal, que conta com atletas de norte a sul do pa\u00eds<\/strong>. <strong>O evento \u00e9 organizado pela Associa\u00e7\u00e3o Desportiva e Cultural de Felgueira (ADCF), em parceria com o Munic\u00edpio de Vale de Cambra, e<\/strong> <strong>tem como objetivo promover a competi\u00e7\u00e3o saud\u00e1vel, mas tamb\u00e9m a gastronomia e cultura das suas gentes. <\/strong><\/p>\n\n\n\n<p>Com quatro provas, duas delas competitivas, o Freita Skyrace\u00ae (25 km e 1500 D+), o Freita Skymarathon\u00ae (42km e 2800 D+). O Freita mini-skyrace\/caminhada n\u00e3o sendo competitiva conta com 15km e 330 D+ e o Freita Vertical (4km e 880 D+), que come\u00e7ou a ser realizado a partir de 2018.<\/p>\n\n\n\n<p>Organizado pela Associa\u00e7\u00e3o Desportiva e Cultural de Felgueira (ADCF), em Ar\u00f5es, o Freita Skyrunnig&nbsp;\u00e9 realizado, desde 2017, em parceria com a&nbsp;C\u00e2mara Municipal de Vale de Cambra&nbsp;e em coopera\u00e7\u00e3o com v\u00e1rias institui\u00e7\u00f5es p\u00fablicas e privadas.<\/p>\n\n\n\n<p>Nesta prova, os participantes v\u00e3o estar divididos por escal\u00f5es competitivos. Mini SkyRace: Geral M\/F; Freita Vertical: Juvenis M\/F \u2013 entre 15 e 17 anos; Juniores M\/F \u2013 entre 18 e 20 anos; Sub-23 M\/F \u2013 entre 21 e 23 anos; Seniores M\/F \u2013 entre 24 e 39 anos; Veteranos M40\/F40 \u2013 entre 40 e 49 anos; Veteranos M50\/F50 \u2013 \u2265 50 anos; Geral M\/F; Freita Skyrace e skymarathon: Sub-23 M\/F \u2013 \u2264 23; Seniores M\/F \u2013 entre 24 e 39 anos; Veteranos M40\/F40 \u2013 entre 40 e 49 anos; Veteranos M50\/F50 \u2013 \u2265 50 anos e Geral M\/F.&nbsp;<\/p>\n\n\n\n<p>O objetivo da ADCF \u00e9 dar a conhecer a Serra da Freita, envolver as\u00a0suas popula\u00e7\u00f5es, trazer o desporto de volta a estas terras e mostrar aos atletas uma variedade de trilhos e caminhos usados pelos seus antepassados, que para se deslocarem aos campos, moinhos ou entre aldeias, algumas das quais, hoje, abandonadas.<\/p>\n\n\n\n<p>\u201cConseguimos com esta atividade mostrar n\u00e3o s\u00f3 os trilhos e promover a competi\u00e7\u00e3o saud\u00e1vel, mas tamb\u00e9m a nossa gastronomia e cultura, as nossas gentes e costumes, a dedica\u00e7\u00e3o entre volunt\u00e1rios e o entusiasmo na popula\u00e7\u00e3o\u201d, referiu o presidente da Associa\u00e7\u00e3o, Jos\u00e9 Ferreira, ao Voz de Cambra.<\/p>\n\n\n\n<p>A abertura do evento acontece no dia 1 de outubro, em Ar\u00f5es e o primeiro transporte do grupo sair\u00e1 \u00e0s 15h para Paradu\u00e7a, Ar\u00f5es.\u00a0<\/p>\n\n\n\n<p>A Federa\u00e7\u00e3o de Campismo e Montanhismo de Portugal j\u00e1 lhe atribuiu a designa\u00e7\u00e3o de \u201cProva Oficial de Skyrunning \u2013 Portugal 2022\u201d e contar\u00e1 para as classifica\u00e7\u00f5es nacionais da modalidade. Alice Lopes, atleta que faz parte da ADCF, j\u00e1 participou em v\u00e1rios campeonatos nacionais e internacionais e, a 11 de setembro deste ano, sagrou-se a melhor portuguesa na Sele\u00e7\u00e3o Nacional de Skyrunning a disputar o Campeonato do Mundo Skyrunning, em It\u00e1lia.<\/p>\n\n\n\n<p>Uma prova de Skyrunning \u00e9 uma corrida particularmente exigente e de elevada dificuldade t\u00e9cnica, que se aproxima do alpinismo, deixando muitas vezes os trilhos marcados para escolher um percurso rochoso, onde os caminhos nem sempre s\u00e3o evidentes. Enquanto uma qualquer corrida na natureza pode escolher trilhos, caminhos bem definidos e\/ou estrad\u00f5es que contornam uma montanha, uma prova de Skyrunning tem como objetivo o cume dessa montanha.<\/p>\n\n\n\n<figure class=\"wp-block-gallery has-nested-images columns-default is-cropped wp-block-gallery-1 is-layout-flex wp-block-gallery-is-layout-flex\">\n<figure class=\"wp-block-image size-large\"><img loading=\"lazy\" decoding=\"async\" width=\"724\" height=\"1024\" data-id=\"6669\" src=\"http:\/\/avozdecambra.pt\/wp-content\/uploads\/2022\/09\/300602063_762890238436050_6455467589325714452_n-724x1024.jpeg\" alt=\"\" class=\"wp-image-6669\" srcset=\"http:\/\/avozdecambra.pt\/wp-content\/uploads\/2022\/09\/300602063_762890238436050_6455467589325714452_n-724x1024.jpeg 724w, http:\/\/avozdecambra.pt\/wp-content\/uploads\/2022\/09\/300602063_762890238436050_6455467589325714452_n-212x300.jpeg 212w, http:\/\/avozdecambra.pt\/wp-content\/uploads\/2022\/09\/300602063_762890238436050_6455467589325714452_n-768x1086.jpeg 768w, http:\/\/avozdecambra.pt\/wp-content\/uploads\/2022\/09\/300602063_762890238436050_6455467589325714452_n-1086x1536.jpeg 1086w, http:\/\/avozdecambra.pt\/wp-content\/uploads\/2022\/09\/300602063_762890238436050_6455467589325714452_n-150x212.jpeg 150w, http:\/\/avozdecambra.pt\/wp-content\/uploads\/2022\/09\/300602063_762890238436050_6455467589325714452_n-450x636.jpeg 450w, http:\/\/avozdecambra.pt\/wp-content\/uploads\/2022\/09\/300602063_762890238436050_6455467589325714452_n-1200x1697.jpeg 1200w, http:\/\/avozdecambra.pt\/wp-content\/uploads\/2022\/09\/300602063_762890238436050_6455467589325714452_n.jpeg 1414w\" sizes=\"auto, (max-width: 724px) 100vw, 724px\" \/><\/figure>\n<\/figure>\n\n\n\n<hr class=\"wp-block-separator has-alpha-channel-opacity\"\/>\n","protected":false},"excerpt":{"rendered":"<p>&nbsp;A edi\u00e7\u00e3o deste ano do Freita Skyrunnig vai realizar-se a 1 e 2 de outubro, na Serra da Freita, em Ar\u00f5es. Trata-se de uma \u201cProva Oficial de Skyrunning \u2013 Portugal 2022\u201d, t\u00edtulo atribu\u00eddo pela Federa\u00e7\u00e3o de Campismo e Montanhismo de Portugal, que conta com atletas de norte a sul do pa\u00eds. O evento \u00e9 organizado<\/p>\n","protected":false},"author":5,"featured_media":6664,"comment_status":"open","ping_status":"open","sticky":false,"template":"","format":"standard","meta":{"_monsterinsights_skip_tracking":false,"_monsterinsights_sitenote_active":false,"_monsterinsights_sitenote_note":"","_monsterinsights_sitenote_category":0,"footnotes":""},"categories":[585,1],"tags":[321,112,460],"class_list":{"0":"post-6663","1":"post","2":"type-post","3":"status-publish","4":"format-standard","5":"has-post-thumbnail","7":"category-agenda","8":"category-atual","9":"tag-freita-skyrunning","10":"tag-aroes","11":"tag-felgueira"},"aioseo_notices":[],"_links":{"self":[{"href":"http:\/\/avozdecambra.pt\/index.php?rest_route=\/wp\/v2\/posts\/6663","targetHints":{"allow":["GET"]}}],"collection":[{"href":"http:\/\/avozdecambra.pt\/index.php?rest_route=\/wp\/v2\/posts"}],"about":[{"href":"http:\/\/avozdecambra.pt\/index.php?rest_route=\/wp\/v2\/types\/post"}],"author":[{"embeddable":true,"href":"http:\/\/avozdecambra.pt\/index.php?rest_route=\/wp\/v2\/users\/5"}],"replies":[{"embeddable":true,"href":"http:\/\/avozdecambra.pt\/index.php?rest_route=%2Fwp%2Fv2%2Fcomments&post=6663"}],"version-history":[{"count":8,"href":"http:\/\/avozdecambra.pt\/index.php?rest_route=\/wp\/v2\/posts\/6663\/revisions"}],"predecessor-version":[{"id":6678,"href":"http:\/\/avozdecambra.pt\/index.php?rest_route=\/wp\/v2\/posts\/6663\/revisions\/6678"}],"wp:featuredmedia":[{"embeddable":true,"href":"http:\/\/avozdecambra.pt\/index.php?rest_route=\/wp\/v2\/media\/6664"}],"wp:attachment":[{"href":"http:\/\/avozdecambra.pt\/index.php?rest_route=%2Fwp%2Fv2%2Fmedia&parent=6663"}],"wp:term":[{"taxonomy":"category","embeddable":true,"href":"http:\/\/avozdecambra.pt\/index.php?rest_route=%2Fwp%2Fv2%2Fcategories&post=6663"},{"taxonomy":"post_tag","embeddable":true,"href":"http:\/\/avozdecambra.pt\/index.php?rest_route=%2Fwp%2Fv2%2Ftags&post=6663"}],"curies":[{"name":"wp","href":"https:\/\/api.w.org\/{rel}","templated":true}]}}