{"id":6709,"date":"2022-09-19T15:24:14","date_gmt":"2022-09-19T15:24:14","guid":{"rendered":"http:\/\/avozdecambra.pt\/?p=6709"},"modified":"2022-09-20T09:19:00","modified_gmt":"2022-09-20T09:19:00","slug":"arranque-de-ano-letivo-em-vale-de-cambra-com-transferencia-de-competencias","status":"publish","type":"post","link":"http:\/\/avozdecambra.pt\/?p=6709","title":{"rendered":"Ano letivo arranca em Vale de Cambra com transfer\u00eancia de compet\u00eancias"},"content":{"rendered":"\n<p><strong>O munic\u00edpio de Vale de Cambra assume, este ano letivo, novas compet\u00eancias no setor da Educa\u00e7\u00e3o, no \u00e2mbito da descentraliza\u00e7\u00e3o promovida pela Administra\u00e7\u00e3o Central, o que, \u201crefor\u00e7a a necessidade de uma rela\u00e7\u00e3o de parceria entre o Agrupamento e a autarquia\u201d, sublinha a vereadora da Educa\u00e7\u00e3o, ao Voz de Cambra.&nbsp;<\/strong><\/p>\n\n\n\n<p>Desde transportes, refei\u00e7\u00f5es e recursos humanos, passando por quest\u00f5es de manuten\u00e7\u00f5es, o Munic\u00edpio de Vale de Cambra assume a gest\u00e3o de mais de uma centena de assistentes operacionais; integra novas atividades extra-curriculares (AEC\u00b4s) no 1.\u00ba ciclo, para as quais foram recrutados professores para as diversas \u00e1reas de atua\u00e7\u00e3o; tem agora a responsabilidade das refei\u00e7\u00f5es escolares at\u00e9 ao 12.\u00ba ano que, at\u00e9 aqui, era apenas o pr\u00e9-escolar e o 1.\u00ba ciclo; est\u00e1 a requalificar e ampliar a escola de Vila Ch\u00e3; e tem em fase de conclus\u00e3o obras de beneficia\u00e7\u00e3o no Jardim de inf\u00e2ncia dos Dois e Escola de Janardo.<\/p>\n\n\n\n<p>Tornou-se efetiva, a 1 de abril, a transfer\u00eancia de compet\u00eancias na \u00e1rea da educa\u00e7\u00e3o. O Munic\u00edpio de Vale de Cambra assumiu as suas responsabilidades e garante que o ano letivo arranca com \u201cnormalidade\u201d e que as novas compet\u00eancias s\u00e3o encaradas como \u201cdesafiantes\u201d.&nbsp;<\/p>\n\n\n\n<p>M\u00f3nica Seixas refere-se ao sucesso escolar dos alunos do concelho, que depende do empenho de todos os atores da comunidade educativa e sublinha que esse trabalho est\u00e1 a ser feito. <\/p>\n\n\n\n<p>\u201cOlhamos para esta transfer\u00eancia como uma oportunidade de fazer melhor, de aproveitar, por exemplo, para integrar nas nossas atividades extra-curriculares, o nosso patrim\u00f3nio cultural, a nossa identidade e transmitir isso \u00e0s nossas crian\u00e7as\u201d, disse a vereadora da Educa\u00e7\u00e3o, da C\u00e2mara Municipal de Vale de Cambra, em entrevista ao Voz de Cambra.&nbsp;<\/p>\n\n\n\n<p><em>Leia esta noticia na integra na edi\u00e7\u00e3o impressa!&nbsp;<\/em><\/p>\n","protected":false},"excerpt":{"rendered":"<p>O munic\u00edpio de Vale de Cambra assume, este ano letivo, novas compet\u00eancias no setor da Educa\u00e7\u00e3o, no \u00e2mbito da descentraliza\u00e7\u00e3o promovida pela Administra\u00e7\u00e3o Central, o que, \u201crefor\u00e7a a necessidade de uma rela\u00e7\u00e3o de parceria entre o Agrupamento e a autarquia\u201d, sublinha a vereadora da Educa\u00e7\u00e3o, ao Voz de Cambra.&nbsp; Desde transportes, refei\u00e7\u00f5es e recursos humanos,<\/p>\n","protected":false},"author":5,"featured_media":6710,"comment_status":"open","ping_status":"open","sticky":false,"template":"","format":"standard","meta":{"_monsterinsights_skip_tracking":false,"_monsterinsights_sitenote_active":false,"_monsterinsights_sitenote_note":"","_monsterinsights_sitenote_category":0,"footnotes":""},"categories":[1],"tags":[705,472,704],"class_list":{"0":"post-6709","1":"post","2":"type-post","3":"status-publish","4":"format-standard","5":"has-post-thumbnail","7":"category-atual","8":"tag-arranque-ano-letivo-2022-2023","9":"tag-camara-de-vale-de-cambra","10":"tag-educacao"},"aioseo_notices":[],"_links":{"self":[{"href":"http:\/\/avozdecambra.pt\/index.php?rest_route=\/wp\/v2\/posts\/6709","targetHints":{"allow":["GET"]}}],"collection":[{"href":"http:\/\/avozdecambra.pt\/index.php?rest_route=\/wp\/v2\/posts"}],"about":[{"href":"http:\/\/avozdecambra.pt\/index.php?rest_route=\/wp\/v2\/types\/post"}],"author":[{"embeddable":true,"href":"http:\/\/avozdecambra.pt\/index.php?rest_route=\/wp\/v2\/users\/5"}],"replies":[{"embeddable":true,"href":"http:\/\/avozdecambra.pt\/index.php?rest_route=%2Fwp%2Fv2%2Fcomments&post=6709"}],"version-history":[{"count":9,"href":"http:\/\/avozdecambra.pt\/index.php?rest_route=\/wp\/v2\/posts\/6709\/revisions"}],"predecessor-version":[{"id":6725,"href":"http:\/\/avozdecambra.pt\/index.php?rest_route=\/wp\/v2\/posts\/6709\/revisions\/6725"}],"wp:featuredmedia":[{"embeddable":true,"href":"http:\/\/avozdecambra.pt\/index.php?rest_route=\/wp\/v2\/media\/6710"}],"wp:attachment":[{"href":"http:\/\/avozdecambra.pt\/index.php?rest_route=%2Fwp%2Fv2%2Fmedia&parent=6709"}],"wp:term":[{"taxonomy":"category","embeddable":true,"href":"http:\/\/avozdecambra.pt\/index.php?rest_route=%2Fwp%2Fv2%2Fcategories&post=6709"},{"taxonomy":"post_tag","embeddable":true,"href":"http:\/\/avozdecambra.pt\/index.php?rest_route=%2Fwp%2Fv2%2Ftags&post=6709"}],"curies":[{"name":"wp","href":"https:\/\/api.w.org\/{rel}","templated":true}]}}