{"id":6718,"date":"2022-09-19T20:02:43","date_gmt":"2022-09-19T20:02:43","guid":{"rendered":"http:\/\/avozdecambra.pt\/?p=6718"},"modified":"2022-09-20T09:48:11","modified_gmt":"2022-09-20T09:48:11","slug":"vale-de-cambra-assinala-regresso-as-aulas-com-mais-alunos-e-sem-falta-de-professores","status":"publish","type":"post","link":"http:\/\/avozdecambra.pt\/?p=6718","title":{"rendered":"Vale de Cambra assinala regresso \u00e0s aulas sem restri\u00e7\u00f5es e com mais alunos"},"content":{"rendered":"\n<p><strong>O ano letivo 2022\/23, que arranca esta ter\u00e7a-feira, come\u00e7a sem restri\u00e7\u00f5es relativas \u00e0 pandemia, com mais alunos e, com apenas 1% de professores em falta nas escolas de Vale de Cambra, garantiu hoje ao Voz de Cambra, o diretor do Agrupamento de Escolas de B\u00fazio.<\/strong><\/p>\n\n\n\n<p>\u201cDos 270 docentes que, este ano, fazem parte do Agrupamento, apenas dois ou tr\u00eas meteram atestados de m\u00e9dico\u201d, afirmou Pedro Martins ao Voz de Cambra.<\/p>\n\n\n\n<p>O inicio do ano letivo decorreu com \u201cnormalidade\u201d nas 16 escolas do concelho de Vale de Cambra, este ano, sem restri\u00e7\u00f5es no \u00e2mbito da covid-19.<\/p>\n\n\n\n<p>As escolas voltam praticamente \u00e0 rotina que tinha antes da pandemia, mas com mais 22 alunos em rela\u00e7\u00e3o ao ano passado.&nbsp;<\/p>\n\n\n\n<p>N\u00famero de alunos imigrantes que frequentam escolas do concelho fazem inverter tend\u00eancia de 10 anos. Segundo o diretor do Agrupamento, no ano lectivo 2022\/2023, o n\u00famero de estudantes aumentou para cerca de 2600, muito devido aos internacionais matriculados em escolas do concelho.<\/p>\n\n\n\n<p>Recorde-se que, o munic\u00edpio de Vale de Cambra tem, desde 01 de abril, compet\u00eancias na \u00e1rea da educa\u00e7\u00e3o e que tem agora a gest\u00e3o de transportes, refei\u00e7\u00f5es at\u00e9 ao 12.\u00ba ano, recursos humanos (mais de uma centena de assistentes operacionais), passando por quest\u00f5es de manuten\u00e7\u00f5es.&nbsp;<\/p>\n","protected":false},"excerpt":{"rendered":"<p>O ano letivo 2022\/23, que arranca esta ter\u00e7a-feira, come\u00e7a sem restri\u00e7\u00f5es relativas \u00e0 pandemia, com mais alunos e, com apenas 1% de professores em falta nas escolas de Vale de Cambra, garantiu hoje ao Voz de Cambra, o diretor do Agrupamento de Escolas de B\u00fazio. \u201cDos 270 docentes que, este ano, fazem parte do Agrupamento,<\/p>\n","protected":false},"author":5,"featured_media":6719,"comment_status":"open","ping_status":"open","sticky":false,"template":"","format":"standard","meta":{"_monsterinsights_skip_tracking":false,"_monsterinsights_sitenote_active":false,"_monsterinsights_sitenote_note":"","_monsterinsights_sitenote_category":0,"footnotes":""},"categories":[1],"tags":[85,86,706],"class_list":{"0":"post-6718","1":"post","2":"type-post","3":"status-publish","4":"format-standard","5":"has-post-thumbnail","7":"category-atual","8":"tag-agrupamento-de-escolas-do-buzio","9":"tag-pedro-martins","10":"tag-regresso-as-aulas-2022-2023"},"aioseo_notices":[],"_links":{"self":[{"href":"http:\/\/avozdecambra.pt\/index.php?rest_route=\/wp\/v2\/posts\/6718","targetHints":{"allow":["GET"]}}],"collection":[{"href":"http:\/\/avozdecambra.pt\/index.php?rest_route=\/wp\/v2\/posts"}],"about":[{"href":"http:\/\/avozdecambra.pt\/index.php?rest_route=\/wp\/v2\/types\/post"}],"author":[{"embeddable":true,"href":"http:\/\/avozdecambra.pt\/index.php?rest_route=\/wp\/v2\/users\/5"}],"replies":[{"embeddable":true,"href":"http:\/\/avozdecambra.pt\/index.php?rest_route=%2Fwp%2Fv2%2Fcomments&post=6718"}],"version-history":[{"count":3,"href":"http:\/\/avozdecambra.pt\/index.php?rest_route=\/wp\/v2\/posts\/6718\/revisions"}],"predecessor-version":[{"id":6728,"href":"http:\/\/avozdecambra.pt\/index.php?rest_route=\/wp\/v2\/posts\/6718\/revisions\/6728"}],"wp:featuredmedia":[{"embeddable":true,"href":"http:\/\/avozdecambra.pt\/index.php?rest_route=\/wp\/v2\/media\/6719"}],"wp:attachment":[{"href":"http:\/\/avozdecambra.pt\/index.php?rest_route=%2Fwp%2Fv2%2Fmedia&parent=6718"}],"wp:term":[{"taxonomy":"category","embeddable":true,"href":"http:\/\/avozdecambra.pt\/index.php?rest_route=%2Fwp%2Fv2%2Fcategories&post=6718"},{"taxonomy":"post_tag","embeddable":true,"href":"http:\/\/avozdecambra.pt\/index.php?rest_route=%2Fwp%2Fv2%2Ftags&post=6718"}],"curies":[{"name":"wp","href":"https:\/\/api.w.org\/{rel}","templated":true}]}}