{"id":6729,"date":"2022-09-21T11:51:19","date_gmt":"2022-09-21T11:51:19","guid":{"rendered":"http:\/\/avozdecambra.pt\/?p=6729"},"modified":"2022-09-21T11:57:57","modified_gmt":"2022-09-21T11:57:57","slug":"vale-de-cambra-adere-a-semana-europeia-do-desporto","status":"publish","type":"post","link":"http:\/\/avozdecambra.pt\/?p=6729","title":{"rendered":"Vale de Cambra adere \u00e0 Semana Europeia do Desporto"},"content":{"rendered":"\n<p><strong>As atividades v\u00e3o realizar-se entre os dias 23 e 30 de setembro<\/strong><\/p>\n\n\n\n<p><strong>A C\u00e2mara de Vale de Cambra adere \u00e0 Semana Europeia do Desporto, que decorre entre os dias 23 e 30 de setembro, com atividades em todo o concelho, j\u00e1 a partir desta sexta-feira.&nbsp;<\/strong><\/p>\n\n\n\n<p>O principal tema da campanha deste ano continua a ser \u2018Be Active\u2019 para incentivar os cidad\u00e3os a estarem ativos, n\u00e3o s\u00f3 durante uma semana, mas sobretudo de forma regular, ao longo do ano.&nbsp;<\/p>\n\n\n\n<p>A Semana Europeia do Desporto \u00e9 uma iniciativa da Comiss\u00e3o Europeia, coordenada em Portugal Instituto Portugu\u00eas do Desporto e Juventude, I.P, destinada a promover o desporto e a atividade f\u00edsica em toda a Europa, gerando novas atividades e aproveitando experi\u00eancias positivas j\u00e1 existentes.&nbsp;<\/p>\n\n\n\n<p>Segundo nota de imprensa, esta \u00e9 tamb\u00e9m uma preocupa\u00e7\u00e3o da autarquia de Vale de Cambra, que pretende potenciar o desporto em Vale de Cambra, j\u00e1 que \u00e9, desde h\u00e1 v\u00e1rias anos, um \u201cMunic\u00edpio Amigo do Desporto\u201d.&nbsp;<\/p>\n\n\n\n<p>As atividades prolongam-se at\u00e9 dia 1 e 2 de outubro, com o Freitaskyrunning e todas as atividades contam com a colabora\u00e7\u00e3o com gin\u00e1sios locais e associa\u00e7\u00f5es.<\/p>\n\n\n\n<hr class=\"wp-block-separator has-alpha-channel-opacity\"\/>\n\n\n\n<p><strong>Programa: <\/strong><\/p>\n\n\n\n<p><strong>23 SET. | SEX.<\/strong><strong> I FITNESSDAY<\/strong><br>Local: Pra\u00e7a Comendador \u00c1lvaro Pinho da Costa Leite<br>MEGA AULA FITNESS gratuita<br>19H00 \u00e0s 20H00<\/p>\n\n\n\n<p><strong>24 SET. | SAB.<\/strong><strong> I ESCOLAMUNICIPALDEDESPORTO<\/strong><br>Local: Pra\u00e7a Comendador \u00c1lvaro Pinho da Costa Leite<br>10H-13H00<br>VEM EXPERIMENTAR NOVAS MODALIDADES EM VALE DE CAMBRA<br>T\u00c9NIS | PATINAGEM | GIN\u00c1STICA<\/p>\n\n\n\n<p><br><strong>25 SET. | DOM.<\/strong><strong> I BIKEDAY<\/strong><br>Local: Pra\u00e7a Comendador \u00c1lvaro Pinho da Costa Leite<br>09H30 &#8211; PASSEIO DE BICICLETA DE BTT | PASSEIO DE BICICLETA DE ESTRADA OU URBANA<br>EXPOSI\u00c7\u00c3O E VENDA DE MATERIAL DE USO DA BICICLETA<br>CIRCUITO DE BICICLETA PARA CRIAN\u00c7AS<\/p>\n\n\n\n<p><strong>26 SET. | SEG.<\/strong><strong> I WORKDAY -SA\u00daDE NO TRABALHO<\/strong><br>Local: Armaz\u00e9m Municipal | Edf. Municipal | Biblioteca<br>SESS\u00d5ES DE GIN\u00c1STICA LABORAL (08H | 10H | 11H)<\/p>\n\n\n\n<p><br><strong>27 SET. | TER. I URBANJOGGING<\/strong><br>Local: Parque da Cidade Dr. Eduardo Coelho | Centro de Marcha e Corrida<br>JOGGING 45&#8242;<br>07H30 | 09H30 | 19H00<\/p>\n\n\n\n<p><br><strong>28 SET. | QUA. I DESPORTOINCLUSIVO<\/strong><br>Local: Parque da Cidade Dr. Eduardo Coelho<br>10H00 &#8211; AULA DE GIN\u00c1STICA para pessoas com Necessidades Especiais<\/p>\n\n\n\n<p><strong>29 SET. | QUI.<\/strong><strong> I +DESPORTO, +VIDA &#8211; Desporto S\u00e9nior<\/strong><br>Local: Parque da Cidade Dr. Eduardo Coelho<br>09H00 &#8211; CAMINHADA SENIOR (+60ANOS)<br>10H00 &#8211; SESS\u00c3O DE MOBILIDADE, ALONGAMENTOS E FLEXIBILIDADE<br>10H30 &#8211; YOGA<\/p>\n\n\n\n<p><strong>30 SET. | SEX.<\/strong><strong> I ESCOLA+ATIVA<\/strong><br>Local: AGRUPAMENTO DE ESCOLAS<br>120&#8242; ATIVIDADE F\u00cdSICA<\/p>\n\n\n\n<p><strong>23 A 30 SET. | OPENWEEK<\/strong><br>GIN\u00c1SIOS, ACADEMIAS E CLUBES DE PORTAS ABERTAS PARA TODOS<br>OS QUE QUEIRAM EXPERIMENTAR!<br>DESCONTOS E MUITAS PROMO\u00c7\u00d5ES&#8230;<br>APROVEITE!<\/p>\n\n\n\n<p><strong>FREITASKYRUNNING 2022 VALE DE CAMBRA<\/strong><br>01 OUT. |&nbsp;FREITAVERTICAL<br>15H30<br>2 OUT. |&nbsp;FREITASKYRUNNING<br>08H30 | FREITASKYMARATHON 42KM<br>09H00 | FREITASKYRACE 25KM<br>09H15 | CAMINHADA E MINISKYRACE 15KM<\/p>\n","protected":false},"excerpt":{"rendered":"<p>As atividades v\u00e3o realizar-se entre os dias 23 e 30 de setembro A C\u00e2mara de Vale de Cambra adere \u00e0 Semana Europeia do Desporto, que decorre entre os dias 23 e 30 de setembro, com atividades em todo o concelho, j\u00e1 a partir desta sexta-feira.&nbsp; O principal tema da campanha deste ano continua a ser<\/p>\n","protected":false},"author":5,"featured_media":6730,"comment_status":"open","ping_status":"open","sticky":false,"template":"","format":"standard","meta":{"_monsterinsights_skip_tracking":false,"_monsterinsights_sitenote_active":false,"_monsterinsights_sitenote_note":"","_monsterinsights_sitenote_category":0,"footnotes":""},"categories":[585,1],"tags":[707],"class_list":{"0":"post-6729","1":"post","2":"type-post","3":"status-publish","4":"format-standard","5":"has-post-thumbnail","7":"category-agenda","8":"category-atual","9":"tag-semana-europeia-do-desporto"},"aioseo_notices":[],"_links":{"self":[{"href":"http:\/\/avozdecambra.pt\/index.php?rest_route=\/wp\/v2\/posts\/6729","targetHints":{"allow":["GET"]}}],"collection":[{"href":"http:\/\/avozdecambra.pt\/index.php?rest_route=\/wp\/v2\/posts"}],"about":[{"href":"http:\/\/avozdecambra.pt\/index.php?rest_route=\/wp\/v2\/types\/post"}],"author":[{"embeddable":true,"href":"http:\/\/avozdecambra.pt\/index.php?rest_route=\/wp\/v2\/users\/5"}],"replies":[{"embeddable":true,"href":"http:\/\/avozdecambra.pt\/index.php?rest_route=%2Fwp%2Fv2%2Fcomments&post=6729"}],"version-history":[{"count":4,"href":"http:\/\/avozdecambra.pt\/index.php?rest_route=\/wp\/v2\/posts\/6729\/revisions"}],"predecessor-version":[{"id":6736,"href":"http:\/\/avozdecambra.pt\/index.php?rest_route=\/wp\/v2\/posts\/6729\/revisions\/6736"}],"wp:featuredmedia":[{"embeddable":true,"href":"http:\/\/avozdecambra.pt\/index.php?rest_route=\/wp\/v2\/media\/6730"}],"wp:attachment":[{"href":"http:\/\/avozdecambra.pt\/index.php?rest_route=%2Fwp%2Fv2%2Fmedia&parent=6729"}],"wp:term":[{"taxonomy":"category","embeddable":true,"href":"http:\/\/avozdecambra.pt\/index.php?rest_route=%2Fwp%2Fv2%2Fcategories&post=6729"},{"taxonomy":"post_tag","embeddable":true,"href":"http:\/\/avozdecambra.pt\/index.php?rest_route=%2Fwp%2Fv2%2Ftags&post=6729"}],"curies":[{"name":"wp","href":"https:\/\/api.w.org\/{rel}","templated":true}]}}