{"id":6737,"date":"2022-09-22T10:47:12","date_gmt":"2022-09-22T10:47:12","guid":{"rendered":"http:\/\/avozdecambra.pt\/?p=6737"},"modified":"2022-09-26T13:49:28","modified_gmt":"2022-09-26T13:49:28","slug":"tres-dias-de-musica-em-vale-de-cambra-com-os-concertos-de-outubro","status":"publish","type":"post","link":"http:\/\/avozdecambra.pt\/?p=6737","title":{"rendered":"Um m\u00eas de m\u00fasica em Vale de Cambra com Concertos de Outono"},"content":{"rendered":"\n<p><strong>V\u00e1rios palcos do concelho de Vale de Cambra preparam-se para receber mais uma edi\u00e7\u00e3o dos Concertos de Outono, uma iniciativa promovida pela C\u00e2mara de Vale de Cambra, entre os dias 30 de setembro e 29 de outubro. Todos os eventos t\u00eam entrada livre.&nbsp;<\/strong><\/p>\n\n\n\n<p>&#8220;Este \u00e9 mais um momento cultural importante para o conhecimento, para o lazer, e identifica\u00e7\u00e3o coletiva da nossa comunidade mas tamb\u00e9m para a promo\u00e7\u00e3o do nosso territ\u00f3rio e forma\u00e7\u00e3o de p\u00fablicos aqui e al\u00e9m-fronteiras\u201d, referiu a vereadora da Cultura da C\u00e2mara Municipal, M\u00f3nica Seixas.<\/p>\n\n\n\n<p>Em parceria com associa\u00e7\u00f5es locais e a \u00c1rea Metropolitana do Porto,&nbsp;a autarquia valecambrense leva diferentes estilos e m\u00fasicos de renome nacional e internacional a variados palcos do concelho.&nbsp;<\/p>\n\n\n\n<p>O munic\u00edpio promove &#8211; em parceria com a Associa\u00e7\u00e3o \u201cM\u00fasica no Vale\u201d \u2013  o Ciclo Cl\u00e1ssico a partir do dia 30 de setembro, que se divide em tr\u00eas dias, compostos por palestras, masterclasses e concertos. O programa inicia-se na sexta-feira, dia 30 de setembro, com a Palestra \u201cA arte de memorizar m\u00fasica\u201d, por Vera Fonte, licenciada em Piano.&nbsp;<\/p>\n\n\n\n<p>Nessa noite, pelas 21h30, a Igreja Matriz de Codal vai ser palco de um Concerto a cargo do jovem m\u00fasico valecambrense Francisco Vilar ao piano; Sofia Kolupov \u2013 violino e Harpa por Frederica Vieira Campos.<\/p>\n\n\n\n<p>J\u00e1 no dia 1 de outubro, s\u00e1bado, ser\u00e1 ministrada na Biblioteca Municipal, uma Masterclass de Flauta pelo Professor Gil Magalh\u00e3es, que gravou para a RTP, SIC,&nbsp;Antena 2, bem como na diversa discografia da&nbsp;Orquestra do Norte.<\/p>\n\n\n\n<p>Na noite de 1 de outubro, pelas 21h30 sobe ao palco do Centro Cultural de Macieira de Cambra, o concerto de Canto e Piano por Regina Freire e Pedro Lopes e a atua\u00e7\u00e3o dos \u201cRuby Tango Project\u201d.<\/p>\n\n\n\n<p>O \u00faltimo dia do Ciclo Cl\u00e1ssico, 2 de outubro, apresenta a Masterclass de Ensemble pelo Professor Gil Magalha\u1ebds (durante todo o dia) e encerra com um concerto no Centro Cultural de Macieira de Cambra, pelas 17h a cargo do solista Marco Silva.<\/p>\n\n\n\n<p><strong>Sons no Patrim\u00f3nio<\/strong><\/p>\n\n\n\n<p>No dia 7 de outubro, Vale de Cambra ser\u00e1 palco da iniciativa em estreita parceria com a \u00c1rea Metropolitana do Porto, e que promove concertos em locais espec\u00edficos de riqueza patrimonial local. O \u201cSons no Patrim\u00f3nio\u201d j\u00e1 percorreu v\u00e1rios locais do nosso concelho, e em 2022, vai at\u00e9 \u00e0 Ponte dos Coronados (em S\u00e3o Pedro de Castel\u00f5es) &#8211;  constru\u00edda no s\u00e9culo XVII ou XVIII e que apresenta dois arcos desiguais e pedras sigladas sobre o rio Caima &#8211; que recebe o grupo de m\u00fasica Folk \u201cGALANDUM GALUNDAINA\u201d pelas 21h30. Aqui v\u00e3o ouvir-se a l\u00edngua e as sonoridades da Terra de Miranda.<\/p>\n\n\n\n<p><strong>CambraFest 2022<\/strong>&nbsp;<\/p>\n\n\n\n<p>Com a organiza\u00e7\u00e3o da Associa\u00e7\u00e3o Acad\u00e9mica de Cambra, em estreita parceria com a C\u00e2mara Municipal, o CambraFest regressa ap\u00f3s os anos de interregno impostos pelas medidas de combate \u00e0 pandemia covid-19.<\/p>\n\n\n\n<p>Este \u00e9 o festival que j\u00e1 tem proje\u00e7\u00e3o nacional, tendo j\u00e1, ao longo das suas edi\u00e7\u00f5es, conquistado o papel de promotor de bandas nacionais com presen\u00e7a nos principais festivais de ver\u00e3o e r\u00e1dios nacionais.<br><br><\/p>\n","protected":false},"excerpt":{"rendered":"<p>V\u00e1rios palcos do concelho de Vale de Cambra preparam-se para receber mais uma edi\u00e7\u00e3o dos Concertos de Outono, uma iniciativa promovida pela C\u00e2mara de Vale de Cambra, entre os dias 30 de setembro e 29 de outubro. Todos os eventos t\u00eam entrada livre.&nbsp; &#8220;Este \u00e9 mais um momento cultural importante para o conhecimento, para o<\/p>\n","protected":false},"author":5,"featured_media":6738,"comment_status":"open","ping_status":"open","sticky":false,"template":"","format":"standard","meta":{"_monsterinsights_skip_tracking":false,"_monsterinsights_sitenote_active":false,"_monsterinsights_sitenote_note":"","_monsterinsights_sitenote_category":0,"footnotes":""},"categories":[585,1],"tags":[708],"class_list":{"0":"post-6737","1":"post","2":"type-post","3":"status-publish","4":"format-standard","5":"has-post-thumbnail","7":"category-agenda","8":"category-atual","9":"tag-concertos-de-outono"},"aioseo_notices":[],"_links":{"self":[{"href":"http:\/\/avozdecambra.pt\/index.php?rest_route=\/wp\/v2\/posts\/6737","targetHints":{"allow":["GET"]}}],"collection":[{"href":"http:\/\/avozdecambra.pt\/index.php?rest_route=\/wp\/v2\/posts"}],"about":[{"href":"http:\/\/avozdecambra.pt\/index.php?rest_route=\/wp\/v2\/types\/post"}],"author":[{"embeddable":true,"href":"http:\/\/avozdecambra.pt\/index.php?rest_route=\/wp\/v2\/users\/5"}],"replies":[{"embeddable":true,"href":"http:\/\/avozdecambra.pt\/index.php?rest_route=%2Fwp%2Fv2%2Fcomments&post=6737"}],"version-history":[{"count":8,"href":"http:\/\/avozdecambra.pt\/index.php?rest_route=\/wp\/v2\/posts\/6737\/revisions"}],"predecessor-version":[{"id":6754,"href":"http:\/\/avozdecambra.pt\/index.php?rest_route=\/wp\/v2\/posts\/6737\/revisions\/6754"}],"wp:featuredmedia":[{"embeddable":true,"href":"http:\/\/avozdecambra.pt\/index.php?rest_route=\/wp\/v2\/media\/6738"}],"wp:attachment":[{"href":"http:\/\/avozdecambra.pt\/index.php?rest_route=%2Fwp%2Fv2%2Fmedia&parent=6737"}],"wp:term":[{"taxonomy":"category","embeddable":true,"href":"http:\/\/avozdecambra.pt\/index.php?rest_route=%2Fwp%2Fv2%2Fcategories&post=6737"},{"taxonomy":"post_tag","embeddable":true,"href":"http:\/\/avozdecambra.pt\/index.php?rest_route=%2Fwp%2Fv2%2Ftags&post=6737"}],"curies":[{"name":"wp","href":"https:\/\/api.w.org\/{rel}","templated":true}]}}