{"id":6836,"date":"2022-10-08T22:41:29","date_gmt":"2022-10-08T22:41:29","guid":{"rendered":"http:\/\/avozdecambra.pt\/?p=6836"},"modified":"2022-10-09T09:06:22","modified_gmt":"2022-10-09T09:06:22","slug":"macieira-de-cambra-recebe-corrida-e-caminhada-a-descoberta-do-vale","status":"publish","type":"post","link":"http:\/\/avozdecambra.pt\/?p=6836","title":{"rendered":"Macieira de Cambra recebe este domingo corrida e caminhada \u201c\u00c0 Descoberta do Vale\u201d"},"content":{"rendered":"\n<p><strong>A caminhada tem um percurso circular de 9km e a corrida tem uma dist\u00e2ncia de 13km. O evento \u201c\u00c0 Descoberta do Vale\u201d vai acontecer, este domingo, a partir das 9h, em Macieira de Cambra e pretende dar a conhecer a natureza, as gentes, a gastronomia, os costumes e tradi\u00e7\u00f5es da freguesia.\u00a0<\/strong><\/p>\n\n\n\n<p>Chegou a vez de Macieira de Cambra receber o evento, que tem levado \u00e0s sete freguesias de Vale de Cambra, caminhadas e corridas.&nbsp;<\/p>\n\n\n\n<p>A caminhada, tem um percurso circular e uma dist\u00e2ncia de 9km, com um n\u00edvel de dificuldade m\u00e9dio e f\u00e1cil. A corrida, tem uma dist\u00e2ncia de 13km e o n\u00edvel de dificuldade m\u00e9dio.&nbsp;<\/p>\n\n\n\n<p>A participa\u00e7\u00e3o \u00e9 gratuita mas sujeita a inscri\u00e7\u00e3o. Ao que a Voz de Cambra, conseguiu apurar, est\u00e3o inscritos neste evento centenas de pessoas.&nbsp;<\/p>\n\n\n\n<p>A concentra\u00e7\u00e3o ser\u00e1 feita, pelas 9h de domingo, no jardim da Pra\u00e7a da Rep\u00fablica, no centro de Macieira de Cambra.&nbsp;<\/p>\n\n\n\n<p>Esta \u00e9 mais uma iniciativa ligada ao evento \u201c\u00c0 Descoberta do Vale\u201d, promovida pela C\u00e2mara de Vale de Cambra, que se tem reinventado e juntado a associa\u00e7\u00f5es do concelho e juntas de freguesia para divulgar a marca \u201cO Vale M\u00e1gico\u201d.<\/p>\n\n\n\n<p>\u201cFree Trail da Castanha\u201d, \u201cFreita Skyrunning\u201d, \u201c7 Freguesias, 7 Caminhadas, 7 Corridas\u201d s\u00e3o as iniciativas criadas pela C\u00e2mara Municipal de Vale de Cambra, para promover a marca \u201c\u00c0 Descoberta do Vale\u201d, \u00e0s quais se juntam \u201cO m\u00eas dos Duros\u201d, \u201cPor trilhos de Paradu\u00e7a\u201d, \u201cFreita Trekking n\u2019o Vale M\u00e1gico\u201d, \u201cTodos a Viadal \u2013 Caminhada das 5 Aldeias\u201d, \u201cTrail e Caminhada Viver Ar\u00f5es\u201d, \u201c8.\u00aa Rota da Castanha \u2013 XIX Passeio de S\u00e3o Martinho\u201d, e \u201cCaminhada de Outono\u201d.<\/p>\n\n\n\n<p>Segundo a autarquia valecambrense, para al\u00e9m da divulga\u00e7\u00e3o do concelho, esta iniciativa pretende tamb\u00e9m dar a conhecer o territ\u00f3rio das Montanhas M\u00e1gicas, dinamizando eventos desportivos, desenvolvidos em contacto muito pr\u00f3ximo com a natureza, com as gentes, com a gastronomia, costumes e tradi\u00e7\u00f5es.<\/p>\n\n\n\n<p>A C\u00e2mara pretende divulgar o territ\u00f3rio, nas vertentes ligadas a cultura, o turismo, a din\u00e2mica e a ess\u00eancia, para al\u00e9m de promover a pr\u00e1tica de uma vida ao ar livre e saud\u00e1vel.<\/p>\n\n\n\n<p>A 20 de novembro, \u00e9 a vez da freguesia de R\u00f4ge. As inscri\u00e7\u00f5es s\u00e3o limitadas.&nbsp;<\/p>\n","protected":false},"excerpt":{"rendered":"<p>A caminhada tem um percurso circular de 9km e a corrida tem uma dist\u00e2ncia de 13km. O evento \u201c\u00c0 Descoberta do Vale\u201d vai acontecer, este domingo, a partir das 9h, em Macieira de Cambra e pretende dar a conhecer a natureza, as gentes, a gastronomia, os costumes e tradi\u00e7\u00f5es da freguesia.\u00a0 Chegou a vez de<\/p>\n","protected":false},"author":5,"featured_media":6841,"comment_status":"open","ping_status":"open","sticky":false,"template":"","format":"standard","meta":{"_monsterinsights_skip_tracking":false,"_monsterinsights_sitenote_active":false,"_monsterinsights_sitenote_note":"","_monsterinsights_sitenote_category":0,"footnotes":""},"categories":[585,1],"tags":[317,472,88],"class_list":{"0":"post-6836","1":"post","2":"type-post","3":"status-publish","4":"format-standard","5":"has-post-thumbnail","7":"category-agenda","8":"category-atual","9":"tag-a-descoberta-do-vale","10":"tag-camara-de-vale-de-cambra","11":"tag-macieira-de-cambra"},"aioseo_notices":[],"_links":{"self":[{"href":"http:\/\/avozdecambra.pt\/index.php?rest_route=\/wp\/v2\/posts\/6836","targetHints":{"allow":["GET"]}}],"collection":[{"href":"http:\/\/avozdecambra.pt\/index.php?rest_route=\/wp\/v2\/posts"}],"about":[{"href":"http:\/\/avozdecambra.pt\/index.php?rest_route=\/wp\/v2\/types\/post"}],"author":[{"embeddable":true,"href":"http:\/\/avozdecambra.pt\/index.php?rest_route=\/wp\/v2\/users\/5"}],"replies":[{"embeddable":true,"href":"http:\/\/avozdecambra.pt\/index.php?rest_route=%2Fwp%2Fv2%2Fcomments&post=6836"}],"version-history":[{"count":3,"href":"http:\/\/avozdecambra.pt\/index.php?rest_route=\/wp\/v2\/posts\/6836\/revisions"}],"predecessor-version":[{"id":6848,"href":"http:\/\/avozdecambra.pt\/index.php?rest_route=\/wp\/v2\/posts\/6836\/revisions\/6848"}],"wp:featuredmedia":[{"embeddable":true,"href":"http:\/\/avozdecambra.pt\/index.php?rest_route=\/wp\/v2\/media\/6841"}],"wp:attachment":[{"href":"http:\/\/avozdecambra.pt\/index.php?rest_route=%2Fwp%2Fv2%2Fmedia&parent=6836"}],"wp:term":[{"taxonomy":"category","embeddable":true,"href":"http:\/\/avozdecambra.pt\/index.php?rest_route=%2Fwp%2Fv2%2Fcategories&post=6836"},{"taxonomy":"post_tag","embeddable":true,"href":"http:\/\/avozdecambra.pt\/index.php?rest_route=%2Fwp%2Fv2%2Ftags&post=6836"}],"curies":[{"name":"wp","href":"https:\/\/api.w.org\/{rel}","templated":true}]}}