{"id":6862,"date":"2022-10-11T15:20:49","date_gmt":"2022-10-11T15:20:49","guid":{"rendered":"http:\/\/avozdecambra.pt\/?p=6862"},"modified":"2022-10-11T19:34:45","modified_gmt":"2022-10-11T19:34:45","slug":"255-participantes-correram-e-caminharam-a-descoberta-de-macieira-de-cambra","status":"publish","type":"post","link":"http:\/\/avozdecambra.pt\/?p=6862","title":{"rendered":"Centenas de participantes correram e caminharam \u00e0 descoberta de Macieira de Cambra\u00a0"},"content":{"rendered":"\n<p><strong>14km de corrida e 12km de caminhada, foi o que percorreram, este domingo, 255 participantes \u00e0 descoberta de Macieira de Cambra.&nbsp;<\/strong><\/p>\n\n\n\n<p>A iniciativa partiu da C\u00e2mara de Vale de Cambra, com o projeto \u201c\u00c0 Descoberta do Vale\u201d, que passou, este domingo, por Macieira de Cambra.&nbsp;<\/p>\n\n\n\n<p>O evento contou com o envolvimento da junta de freguesia de Macieira de Cambra e das associa\u00e7\u00f5es locais, que proporcionaram um dia dedicado ao desporto, mas tamb\u00e9m \u00e0 anima\u00e7\u00e3o e \u00e0 descoberta de percursos, das gentes, da gastronomia, dos costumes e das tradi\u00e7\u00f5es das aldeias da freguesia.&nbsp;<\/p>\n\n\n\n<p>\u201c\u00c0 Descoberta do Vale\u201d, tem passado por todas as freguesias e juntado associa\u00e7\u00f5es do concelho e juntas de freguesia, para divulgar a marca \u201cO Vale M\u00e1gico\u201d.<\/p>\n\n\n\n<p>\u201cFree Trail da Castanha\u201d, \u201cFreita Skyrunning\u201d, \u201c7 Freguesias, 7 Caminhadas, 7 Corridas\u201d s\u00e3o as iniciativas criadas pela C\u00e2mara Municipal de Vale de Cambra, para promover a marca \u201c\u00c0 Descoberta do Vale\u201d, \u00e0s quais se juntam \u201cO m\u00eas dos Duros\u201d, \u201cPor trilhos de Paradu\u00e7a\u201d, \u201cFreita Trekking n\u2019o Vale M\u00e1gico\u201d, \u201cTodos a Viadal \u2013 Caminhada das 5 Aldeias\u201d, \u201cTrail e Caminhada Viver Ar\u00f5es\u201d, \u201c8.\u00aa Rota da Castanha \u2013 XIX Passeio de S\u00e3o Martinho\u201d, e \u201cCaminhada de Outono\u201d.<\/p>\n\n\n\n<p>A 20 de novembro, \u00e9 a vez da freguesia de R\u00f4ge. As inscri\u00e7\u00f5es s\u00e3o limitadas.&nbsp;<\/p>\n\n\n\n<figure class=\"wp-block-gallery has-nested-images columns-default is-cropped wp-block-gallery-1 is-layout-flex wp-block-gallery-is-layout-flex\">\n<figure class=\"wp-block-image size-large\"><img loading=\"lazy\" decoding=\"async\" width=\"1024\" height=\"576\" data-id=\"6863\" src=\"http:\/\/avozdecambra.pt\/wp-content\/uploads\/2022\/10\/mc3-1024x576.jpg\" alt=\"\" class=\"wp-image-6863\" srcset=\"http:\/\/avozdecambra.pt\/wp-content\/uploads\/2022\/10\/mc3-1024x576.jpg 1024w, http:\/\/avozdecambra.pt\/wp-content\/uploads\/2022\/10\/mc3-300x169.jpg 300w, http:\/\/avozdecambra.pt\/wp-content\/uploads\/2022\/10\/mc3-768x432.jpg 768w, http:\/\/avozdecambra.pt\/wp-content\/uploads\/2022\/10\/mc3-150x84.jpg 150w, http:\/\/avozdecambra.pt\/wp-content\/uploads\/2022\/10\/mc3-450x253.jpg 450w, http:\/\/avozdecambra.pt\/wp-content\/uploads\/2022\/10\/mc3.jpg 1200w\" sizes=\"auto, (max-width: 1024px) 100vw, 1024px\" \/><\/figure>\n<\/figure>\n\n\n\n<figure class=\"wp-block-gallery has-nested-images columns-default is-cropped wp-block-gallery-2 is-layout-flex wp-block-gallery-is-layout-flex\">\n<figure class=\"wp-block-image size-large\"><img loading=\"lazy\" decoding=\"async\" width=\"1024\" height=\"576\" data-id=\"6864\" src=\"http:\/\/avozdecambra.pt\/wp-content\/uploads\/2022\/10\/mc6-1024x576.jpg\" alt=\"\" class=\"wp-image-6864\" srcset=\"http:\/\/avozdecambra.pt\/wp-content\/uploads\/2022\/10\/mc6-1024x576.jpg 1024w, http:\/\/avozdecambra.pt\/wp-content\/uploads\/2022\/10\/mc6-300x169.jpg 300w, http:\/\/avozdecambra.pt\/wp-content\/uploads\/2022\/10\/mc6-768x432.jpg 768w, http:\/\/avozdecambra.pt\/wp-content\/uploads\/2022\/10\/mc6-150x84.jpg 150w, http:\/\/avozdecambra.pt\/wp-content\/uploads\/2022\/10\/mc6-450x253.jpg 450w, http:\/\/avozdecambra.pt\/wp-content\/uploads\/2022\/10\/mc6.jpg 1200w\" sizes=\"auto, (max-width: 1024px) 100vw, 1024px\" \/><\/figure>\n<\/figure>\n\n\n\n<figure class=\"wp-block-gallery has-nested-images columns-default is-cropped wp-block-gallery-3 is-layout-flex wp-block-gallery-is-layout-flex\">\n<figure class=\"wp-block-image size-large\"><img loading=\"lazy\" decoding=\"async\" width=\"1024\" height=\"576\" data-id=\"6865\" src=\"http:\/\/avozdecambra.pt\/wp-content\/uploads\/2022\/10\/mc5-1024x576.jpg\" alt=\"\" class=\"wp-image-6865\" srcset=\"http:\/\/avozdecambra.pt\/wp-content\/uploads\/2022\/10\/mc5-1024x576.jpg 1024w, http:\/\/avozdecambra.pt\/wp-content\/uploads\/2022\/10\/mc5-300x169.jpg 300w, http:\/\/avozdecambra.pt\/wp-content\/uploads\/2022\/10\/mc5-768x432.jpg 768w, http:\/\/avozdecambra.pt\/wp-content\/uploads\/2022\/10\/mc5-150x84.jpg 150w, http:\/\/avozdecambra.pt\/wp-content\/uploads\/2022\/10\/mc5-450x253.jpg 450w, http:\/\/avozdecambra.pt\/wp-content\/uploads\/2022\/10\/mc5.jpg 1200w\" sizes=\"auto, (max-width: 1024px) 100vw, 1024px\" \/><\/figure>\n<\/figure>\n\n\n\n<figure class=\"wp-block-gallery has-nested-images columns-default is-cropped wp-block-gallery-4 is-layout-flex wp-block-gallery-is-layout-flex\">\n<figure class=\"wp-block-image size-large\"><img loading=\"lazy\" decoding=\"async\" width=\"1024\" height=\"576\" data-id=\"6866\" src=\"http:\/\/avozdecambra.pt\/wp-content\/uploads\/2022\/10\/mc4-1024x576.jpg\" alt=\"\" class=\"wp-image-6866\" srcset=\"http:\/\/avozdecambra.pt\/wp-content\/uploads\/2022\/10\/mc4-1024x576.jpg 1024w, http:\/\/avozdecambra.pt\/wp-content\/uploads\/2022\/10\/mc4-300x169.jpg 300w, http:\/\/avozdecambra.pt\/wp-content\/uploads\/2022\/10\/mc4-768x432.jpg 768w, http:\/\/avozdecambra.pt\/wp-content\/uploads\/2022\/10\/mc4-150x84.jpg 150w, http:\/\/avozdecambra.pt\/wp-content\/uploads\/2022\/10\/mc4-450x253.jpg 450w, http:\/\/avozdecambra.pt\/wp-content\/uploads\/2022\/10\/mc4.jpg 1200w\" sizes=\"auto, (max-width: 1024px) 100vw, 1024px\" \/><\/figure>\n<\/figure>\n","protected":false},"excerpt":{"rendered":"<p>14km de corrida e 12km de caminhada, foi o que percorreram, este domingo, 255 participantes \u00e0 descoberta de Macieira de Cambra.&nbsp; A iniciativa partiu da C\u00e2mara de Vale de Cambra, com o projeto \u201c\u00c0 Descoberta do Vale\u201d, que passou, este domingo, por Macieira de Cambra.&nbsp; O evento contou com o envolvimento da junta de freguesia<\/p>\n","protected":false},"author":5,"featured_media":6882,"comment_status":"open","ping_status":"open","sticky":false,"template":"","format":"standard","meta":{"_monsterinsights_skip_tracking":false,"_monsterinsights_sitenote_active":false,"_monsterinsights_sitenote_note":"","_monsterinsights_sitenote_category":0,"footnotes":""},"categories":[1],"tags":[317,472,88],"class_list":{"0":"post-6862","1":"post","2":"type-post","3":"status-publish","4":"format-standard","5":"has-post-thumbnail","7":"category-atual","8":"tag-a-descoberta-do-vale","9":"tag-camara-de-vale-de-cambra","10":"tag-macieira-de-cambra"},"aioseo_notices":[],"_links":{"self":[{"href":"http:\/\/avozdecambra.pt\/index.php?rest_route=\/wp\/v2\/posts\/6862","targetHints":{"allow":["GET"]}}],"collection":[{"href":"http:\/\/avozdecambra.pt\/index.php?rest_route=\/wp\/v2\/posts"}],"about":[{"href":"http:\/\/avozdecambra.pt\/index.php?rest_route=\/wp\/v2\/types\/post"}],"author":[{"embeddable":true,"href":"http:\/\/avozdecambra.pt\/index.php?rest_route=\/wp\/v2\/users\/5"}],"replies":[{"embeddable":true,"href":"http:\/\/avozdecambra.pt\/index.php?rest_route=%2Fwp%2Fv2%2Fcomments&post=6862"}],"version-history":[{"count":3,"href":"http:\/\/avozdecambra.pt\/index.php?rest_route=\/wp\/v2\/posts\/6862\/revisions"}],"predecessor-version":[{"id":6870,"href":"http:\/\/avozdecambra.pt\/index.php?rest_route=\/wp\/v2\/posts\/6862\/revisions\/6870"}],"wp:featuredmedia":[{"embeddable":true,"href":"http:\/\/avozdecambra.pt\/index.php?rest_route=\/wp\/v2\/media\/6882"}],"wp:attachment":[{"href":"http:\/\/avozdecambra.pt\/index.php?rest_route=%2Fwp%2Fv2%2Fmedia&parent=6862"}],"wp:term":[{"taxonomy":"category","embeddable":true,"href":"http:\/\/avozdecambra.pt\/index.php?rest_route=%2Fwp%2Fv2%2Fcategories&post=6862"},{"taxonomy":"post_tag","embeddable":true,"href":"http:\/\/avozdecambra.pt\/index.php?rest_route=%2Fwp%2Fv2%2Ftags&post=6862"}],"curies":[{"name":"wp","href":"https:\/\/api.w.org\/{rel}","templated":true}]}}