{"id":7366,"date":"2022-12-20T10:23:00","date_gmt":"2022-12-20T10:23:00","guid":{"rendered":"http:\/\/avozdecambra.pt\/?p=7366"},"modified":"2022-12-23T10:42:25","modified_gmt":"2022-12-23T10:42:25","slug":"premio-fundacao-ilidio-pinho-entregue-a-cardeal-tolentino-mendonca","status":"publish","type":"post","link":"http:\/\/avozdecambra.pt\/?p=7366","title":{"rendered":"Pr\u00e9mio Funda\u00e7\u00e3o Il\u00eddio Pinho entregue a cardeal Tolentino Mendon\u00e7a"},"content":{"rendered":"\n<p><strong>\u201cEst\u00e1 bem entregue o primeiro grande pr\u00e9mio\u201d, afirmou Il\u00eddio Pinho na cerim\u00f3nia de entrega do Grande Pr\u00e9mio Funda\u00e7\u00e3o Il\u00eddio Pinho, ao cardeal Tolentino Mendon\u00e7a, realizada no Sal\u00e3o Nobre da C\u00e2mara do Porto, nesta segunda-feira. A distin\u00e7\u00e3o tem um valor pecuni\u00e1rio de 100 mil euros e uma medalha desenhada, propositadamente, para esta ocasi\u00e3o pelo arquiteto \u00c1lvaro Siza Vieira.<\/strong><\/p>\n\n\n\n<p><strong>Cristina Maria Santos&nbsp;<\/strong><\/p>\n\n\n\n<p>\u201cEste \u00e9 o primeiro de muitos que, todos os anos, v\u00e3o distinguir quem ousar fazer a diferen\u00e7a\u201d, garantiu Il\u00eddio Pinho durante a cerim\u00f3nia que distinguiu D. Jos\u00e9 Tolentino Mendon\u00e7a, com o Grande Pr\u00e9mio Funda\u00e7\u00e3o Il\u00eddio Pinho.&nbsp;<\/p>\n\n\n\n<p>Perante uma plateia de centenas de convidados do meio pol\u00edtico, empresarial e acad\u00e9mico, Il\u00eddio Pinho, confirmou esta atribui\u00e7\u00e3o, dizendo que \u201cest\u00e1 bem entregue o primeiro grande pr\u00e9mio\u201d.&nbsp;<\/p>\n\n\n\n<p>O empres\u00e1rio de Vale de cambra, sublinhou a import\u00e2ncia deste pr\u00e9mio para a Funda\u00e7\u00e3o Il\u00eddio Pinho que, h\u00e1 22 anos, mant\u00e9m viva a mem\u00f3ria do seu filho, Il\u00eddio Pedro, homenageando-o com um projeto de empreendedorismo de utilidade p\u00fablica, ao servi\u00e7o das causas patri\u00f3ticas, nas \u00e1reas das ci\u00eancias, tecnologia, artes e cultura. \u00c9 tamb\u00e9m o caso deste Pr\u00e9mio, lembrou.<\/p>\n\n\n\n<p>\u201cEste \u00e9 o maior pr\u00e9mio atribu\u00eddo a um cidad\u00e3o portugu\u00eas por uma Funda\u00e7\u00e3o de utilidade p\u00fablica\u201d, referiu o empres\u00e1rio.&nbsp;<\/p>\n\n\n\n<p>A Funda\u00e7\u00e3o est\u00e1 associada a uma obra que traz a p\u00fablico a hist\u00f3ria de vida do empres\u00e1rio que a sonhou e criou, em mem\u00f3ria de Il\u00eddio Pedro, o filho que o fundador precocemente perdeu.<\/p>\n\n\n\n<p>\u201cIl\u00eddio Pedro est\u00e1 hoje muito feliz, com a escolha para primeiro elemento da Funda\u00e7\u00e3o. Senhor Cardeal, se o Il\u00eddio Pedro estivesse connosco era em si que ele votava\u201d, afirmou Il\u00eddio Pinho.&nbsp;<\/p>\n\n\n\n<p>Al\u00e9m de cardeal, Tolentino Mendon\u00e7a \u00e9 tamb\u00e9m poeta e ensa\u00edsta, chegou ainda a desempenhar fun\u00e7\u00f5es de arquivista e bibliotec\u00e1rio do Vaticano, tornando-se agora o primeiro rosto do Pr\u00e9mio Funda\u00e7\u00e3o Il\u00eddio Pinho.<\/p>\n\n\n\n<p>O pr\u00e9mio \u00e9 atribu\u00eddo a personalidades que trabalhem \u201cna promo\u00e7\u00e3o e defesa dos valores universais\u201d do que a Funda\u00e7\u00e3o Il\u00eddio Pinho diz ser a \u201cportugalidade\u201d.<\/p>\n\n\n\n<p>Com o valor pecuni\u00e1rio de 100 mil euros, este \u00e9 o maior pr\u00e9mio pecuni\u00e1rio atribu\u00eddo em Portugal e exclusivamente portugu\u00eas. O cardeal recebeu ainda uma medalha desenhada, propositadamente, para esta ocasi\u00e3o pelo arquiteto \u00c1lvaro Siza Vieira.<\/p>\n\n\n\n<p><strong>\u201cHomenagear Jos\u00e9 Tolentino de Mendon\u00e7a \u00e9 homenagear Portugal\u201d<\/strong><\/p>\n\n\n\n<p>D. Jos\u00e9 Tolentino Mendon\u00e7a recebeu das m\u00e3os do Presidente da Rep\u00fablica, Marcelo Rebelo de Sousa, o Grande Pr\u00e9mio Funda\u00e7\u00e3o Il\u00eddio Pinho.<\/p>\n\n\n\n<p>Para Marcelo Rebelo de Sousa \u201cescolher um dos nossos melhores dos melhores n\u00e3o \u00e9 miss\u00e3o despida de espinhos\u201d, Ele h\u00e1 um Ant\u00f3nio Guterres, excecional s\u00edmbolo da nossa proje\u00e7\u00e3o pol\u00edtica no mundo; ele h\u00e1 um \u00c1lvaro Siza Vieira, excecional s\u00edmbolo da nossa proje\u00e7\u00e3o cultural no mundo; ele h\u00e1 um Jos\u00e9 Tolentino de Mendon\u00e7a, excecional s\u00edmbolo da nossa proje\u00e7\u00e3o espiritual no mundo. Todos eles expoentes da portugalidade\u201d, referiu.<\/p>\n\n\n\n<p>\u201cAqui estamos para agradecer a Jos\u00e9 Tolentino de Mendon\u00e7a o ser um dos melhores de todos n\u00f3s. Este ano eleito um exemplo de portugalidade\u201d, declarou o Presidente da Rep\u00fablica.<\/p>\n\n\n\n<p>O chefe de Estado, lembrou ainda que atribuir o&nbsp; pr\u00e9mio, pela primeira vez, a Jos\u00e9 Tolentino de Mendon\u00e7a \u201c\u00e9 come\u00e7ar por onde faz sentido: olhar alto e longe. A ideia \u00e9 um exemplo de Portugal e para Portugal. Homenagear Jos\u00e9 Tolentino de Mendon\u00e7a \u00e9 homenagear Portugal\u201d.<\/p>\n\n\n\n<p><strong>\u201cUma personalidade inspirada e inspiradora\u201d<\/strong><\/p>\n\n\n\n<p>Rui Moreira, presidente da C\u00e2mara do Porto considerou o cardeal, \u201cuma personalidade inspirada e inspiradora, que tem iluminado muitos de n\u00f3s com a sua intelig\u00eancia e o seu saber, com a sua escrita e o seu pensamento, com a sua toler\u00e2ncia e o seu humanismo\u201d.<\/p>\n\n\n\n<p>O autarca do Porto, que tamb\u00e9m fez parte do j\u00fari do pr\u00e9mio, destacou o facto de o Grande Pr\u00e9mio Funda\u00e7\u00e3o Il\u00eddio Pinho ser o maior pr\u00e9mio pecuni\u00e1rio atribu\u00eddo em Portugal por uma institui\u00e7\u00e3o exclusivamente nacional.<\/p>\n\n\n\n<p>\u201cO seu fundador, Il\u00eddio Pinho, n\u00e3o se fechou numa torre de marfim, indiferente \u00e0s car\u00eancias e necessidades da sociedade portuguesa. Pelo contr\u00e1rio, empenhou-se em servir o bem comum, em ajudar a comunidade, em promover a educa\u00e7\u00e3o, a ci\u00eancia e a cultura, em empoderar os setores mais fr\u00e1geis da nossa popula\u00e7\u00e3o\u201d, frisou.&nbsp;<\/p>\n\n\n\n<p>Para Rui Moreira, Portugal precisa de mais institui\u00e7\u00f5es como a Funda\u00e7\u00e3o Il\u00eddio Pinho.&nbsp;<\/p>\n\n\n\n<p>\u201cPrecisamos de mostrar que existem portugueses verdadeiramente excecionais. Precisamos de contar aos nossos filhos e netos hist\u00f3rias reais de abnega\u00e7\u00e3o, altru\u00edsmo, solidariedade. Precisamos que eles saibam que h\u00e1 quem pense primeiro nos outros e s\u00f3 depois em si mesmos\u201d, explicou.&nbsp;<\/p>\n\n\n\n<p>A miss\u00e3o e atividade da Funda\u00e7\u00e3o Il\u00eddio Pinho foram destacadas por Rui Moreira, como sendo \u201cde grande conveni\u00eancia numa sociedade fr\u00e1gil como a portuguesa. Uma sociedade em que o elevador social funciona mal, o ensino, a ci\u00eancia e a cultura est\u00e3o subfinanciados, o d\u00e9fice de compet\u00eancias especializadas \u00e9 gritante e o Estado falha na prote\u00e7\u00e3o aos mais desfavorecidos\u201d, lembrou ainda o presidente da C\u00e2mara do Porto.<\/p>\n\n\n\n<p><strong>\u201cQuanto temos de aprender da palavra gratid\u00e3o\u201d<\/strong><\/p>\n\n\n\n<p>\u201cQuanto temos de aprender da palavra gratid\u00e3o. Parece um argumento min\u00fasculo e, para mais, hoje praticamente destitu\u00eddo de cidadania cultural e civil\u201d, sublinhou o cardeal portugu\u00eas, D. Jos\u00e9 Tolentino Mendon\u00e7a, para agradecer a distin\u00e7\u00e3o.&nbsp;<\/p>\n\n\n\n<p>Tolentino Mendon\u00e7a disse que \u00e9 preciso firmar um pacto intergeracional, mas celebrado \u201cem torno \u00e0 gratid\u00e3o e n\u00e3o do ressentimento\u201d.&nbsp;<\/p>\n\n\n\n<p>O homenageado, lembrou que o nosso pa\u00eds \u201cdeve salvaguardar a sua identidade\u201d, porque, \u201cs\u00f3 refor\u00e7ando-se como projeto nacional, Portugal pode descobrir e concretizar a sua voca\u00e7\u00e3o ao universal, e Portugal \u201cprecisa hoje de dar mais valor pol\u00edtico \u00e0 esperan\u00e7a\u201d, refor\u00e7ou, relativamente \u00e0 portugalidade.&nbsp;<\/p>\n\n\n\n<p>O prefeito do novo Dicast\u00e9rio para a Cultura e a Educa\u00e7\u00e3o da Santa S\u00e9, terminou agradecendo por lhe permitirem dizer, \u201chumildemente, obrigado\u201d.&nbsp;<\/p>\n\n\n\n<hr class=\"wp-block-separator has-alpha-channel-opacity\"\/>\n\n\n\n<p><strong>Tolentino Mendon\u00e7a<\/strong><\/p>\n\n\n\n<p>Tolentino Mendon\u00e7a, nascido em Machico, na Ilha da Madeira, tem 56 anos e \u00e9 o primeiro rosto do Pr\u00e9mio Funda\u00e7\u00e3o Il\u00eddio Pinho, ap\u00f3s decis\u00e3o tomada pelo j\u00fari composto pelo presidente da C\u00e2mara Municipal do Porto, Rui Moreira, pelo presidente da C\u00e2mara Municipal de Lisboa, Carlos Moedas, pelo presidente da C\u00e2mara Municipal de Vale de Cambra, Jos\u00e9 Pinheiro, e pelos reitores da Universidade do Porto, Ant\u00f3nio Pereira, da Universidade de Aveiro, Paulo Ferreira, da Universidade de Tr\u00e1s-os-Montes e Alto Douro, Em\u00eddio Gomes, e da Universidade Cat\u00f3lica, Isabel Gil. A dire\u00e7\u00e3o-executiva do pr\u00e9mio est\u00e1 a cargo de Carlos Magno.<\/p>\n\n\n\n<p>Presente nesta cerim\u00f3nia esteve tamb\u00e9m a comiss\u00e1ria europeia respons\u00e1vel pela pasta Coes\u00e3o e Reformas, Elisa Ferreira, o bispo do Porto, o mais recente galardoado com o pr\u00e9mio Pessoa, entre algumas for\u00e7as vivas do concelho de Vale de Cambra, como os presidentes da C\u00e2mara e Assembleia Municipal de Vale de Cambra, Jos\u00e9 Pinheiro e Miguel Paiva, respetivamente,&nbsp; o presidente da Associa\u00e7\u00e3o Humanit\u00e1ria dos Bombeiros de Vale de Cambra, Miguel Aguiar Soares, o empres\u00e1rio Ant\u00f3nio Moreira, familiares e amigos do empres\u00e1rio Il\u00eddio Pinho e demais convidados.&nbsp;<\/p>\n\n\n\n<p>O cardeal portugu\u00eas Jos\u00e9 Tolentino Mendon\u00e7a foi nomeado pelo Papa Francisco prefeito do novo Dicast\u00e9rio para a Cultura e a Educa\u00e7\u00e3o, a 26 de setembro. O Dicast\u00e9rio para a Cultura e Educa\u00e7\u00e3o re\u00fane as responsabilidades que at\u00e9 agora estavam atribu\u00eddas \u00e0 Congrega\u00e7\u00e3o da Educa\u00e7\u00e3o Cat\u00f3lica e ao Conselho Pontif\u00edcio para a Cultura, ficando com a tutela, nomeadamente, da rede escolar cat\u00f3lica do mundo inteiro, com 1.360 universidades cat\u00f3licas e 487 universidades e faculdades eclesi\u00e1sticas com 11 milh\u00f5es de alunos e outras 217 mil escolas com 62 milh\u00f5es de crian\u00e7as. O cardeal coordenar\u00e1 ainda o di\u00e1logo da Igreja universal com o mundo da cultura.<\/p>\n\n\n\n<figure class=\"wp-block-gallery has-nested-images columns-default is-cropped wp-block-gallery-1 is-layout-flex wp-block-gallery-is-layout-flex\">\n<figure class=\"wp-block-image size-large\"><img loading=\"lazy\" decoding=\"async\" width=\"1024\" height=\"576\" data-id=\"7369\" src=\"http:\/\/avozdecambra.pt\/wp-content\/uploads\/2022\/12\/2-1-1024x576.jpg\" alt=\"\" class=\"wp-image-7369\" srcset=\"http:\/\/avozdecambra.pt\/wp-content\/uploads\/2022\/12\/2-1-1024x576.jpg 1024w, http:\/\/avozdecambra.pt\/wp-content\/uploads\/2022\/12\/2-1-300x169.jpg 300w, http:\/\/avozdecambra.pt\/wp-content\/uploads\/2022\/12\/2-1-768x432.jpg 768w, http:\/\/avozdecambra.pt\/wp-content\/uploads\/2022\/12\/2-1-150x84.jpg 150w, http:\/\/avozdecambra.pt\/wp-content\/uploads\/2022\/12\/2-1-450x253.jpg 450w, http:\/\/avozdecambra.pt\/wp-content\/uploads\/2022\/12\/2-1.jpg 1200w\" sizes=\"auto, (max-width: 1024px) 100vw, 1024px\" \/><\/figure>\n<\/figure>\n\n\n\n<figure class=\"wp-block-gallery has-nested-images columns-default is-cropped wp-block-gallery-2 is-layout-flex wp-block-gallery-is-layout-flex\">\n<figure class=\"wp-block-image size-large\"><img loading=\"lazy\" decoding=\"async\" width=\"1024\" height=\"576\" data-id=\"7370\" src=\"http:\/\/avozdecambra.pt\/wp-content\/uploads\/2022\/12\/3-1024x576.jpg\" alt=\"\" class=\"wp-image-7370\" srcset=\"http:\/\/avozdecambra.pt\/wp-content\/uploads\/2022\/12\/3-1024x576.jpg 1024w, http:\/\/avozdecambra.pt\/wp-content\/uploads\/2022\/12\/3-300x169.jpg 300w, http:\/\/avozdecambra.pt\/wp-content\/uploads\/2022\/12\/3-768x432.jpg 768w, http:\/\/avozdecambra.pt\/wp-content\/uploads\/2022\/12\/3-150x84.jpg 150w, http:\/\/avozdecambra.pt\/wp-content\/uploads\/2022\/12\/3-450x253.jpg 450w, http:\/\/avozdecambra.pt\/wp-content\/uploads\/2022\/12\/3.jpg 1200w\" sizes=\"auto, (max-width: 1024px) 100vw, 1024px\" \/><\/figure>\n<\/figure>\n\n\n\n<figure class=\"wp-block-gallery has-nested-images columns-default is-cropped wp-block-gallery-3 is-layout-flex wp-block-gallery-is-layout-flex\">\n<figure class=\"wp-block-image size-large\"><img loading=\"lazy\" decoding=\"async\" width=\"1024\" height=\"576\" data-id=\"7371\" src=\"http:\/\/avozdecambra.pt\/wp-content\/uploads\/2022\/12\/4-1-1024x576.jpg\" alt=\"\" class=\"wp-image-7371\" srcset=\"http:\/\/avozdecambra.pt\/wp-content\/uploads\/2022\/12\/4-1-1024x576.jpg 1024w, http:\/\/avozdecambra.pt\/wp-content\/uploads\/2022\/12\/4-1-300x169.jpg 300w, http:\/\/avozdecambra.pt\/wp-content\/uploads\/2022\/12\/4-1-768x432.jpg 768w, http:\/\/avozdecambra.pt\/wp-content\/uploads\/2022\/12\/4-1-150x84.jpg 150w, http:\/\/avozdecambra.pt\/wp-content\/uploads\/2022\/12\/4-1-450x253.jpg 450w, http:\/\/avozdecambra.pt\/wp-content\/uploads\/2022\/12\/4-1.jpg 1200w\" sizes=\"auto, (max-width: 1024px) 100vw, 1024px\" \/><\/figure>\n<\/figure>\n","protected":false},"excerpt":{"rendered":"<p>\u201cEst\u00e1 bem entregue o primeiro grande pr\u00e9mio\u201d, afirmou Il\u00eddio Pinho na cerim\u00f3nia de entrega do Grande Pr\u00e9mio Funda\u00e7\u00e3o Il\u00eddio Pinho, ao cardeal Tolentino Mendon\u00e7a, realizada no Sal\u00e3o Nobre da C\u00e2mara do Porto, nesta segunda-feira. A distin\u00e7\u00e3o tem um valor pecuni\u00e1rio de 100 mil euros e uma medalha desenhada, propositadamente, para esta ocasi\u00e3o pelo arquiteto \u00c1lvaro<\/p>\n","protected":false},"author":5,"featured_media":7368,"comment_status":"open","ping_status":"open","sticky":false,"template":"","format":"standard","meta":{"_monsterinsights_skip_tracking":false,"_monsterinsights_sitenote_active":false,"_monsterinsights_sitenote_note":"","_monsterinsights_sitenote_category":0,"footnotes":""},"categories":[1],"tags":[397],"class_list":{"0":"post-7366","1":"post","2":"type-post","3":"status-publish","4":"format-standard","5":"has-post-thumbnail","7":"category-atual","8":"tag-fundacao-ilidio-pinho"},"aioseo_notices":[],"_links":{"self":[{"href":"http:\/\/avozdecambra.pt\/index.php?rest_route=\/wp\/v2\/posts\/7366","targetHints":{"allow":["GET"]}}],"collection":[{"href":"http:\/\/avozdecambra.pt\/index.php?rest_route=\/wp\/v2\/posts"}],"about":[{"href":"http:\/\/avozdecambra.pt\/index.php?rest_route=\/wp\/v2\/types\/post"}],"author":[{"embeddable":true,"href":"http:\/\/avozdecambra.pt\/index.php?rest_route=\/wp\/v2\/users\/5"}],"replies":[{"embeddable":true,"href":"http:\/\/avozdecambra.pt\/index.php?rest_route=%2Fwp%2Fv2%2Fcomments&post=7366"}],"version-history":[{"count":6,"href":"http:\/\/avozdecambra.pt\/index.php?rest_route=\/wp\/v2\/posts\/7366\/revisions"}],"predecessor-version":[{"id":7378,"href":"http:\/\/avozdecambra.pt\/index.php?rest_route=\/wp\/v2\/posts\/7366\/revisions\/7378"}],"wp:featuredmedia":[{"embeddable":true,"href":"http:\/\/avozdecambra.pt\/index.php?rest_route=\/wp\/v2\/media\/7368"}],"wp:attachment":[{"href":"http:\/\/avozdecambra.pt\/index.php?rest_route=%2Fwp%2Fv2%2Fmedia&parent=7366"}],"wp:term":[{"taxonomy":"category","embeddable":true,"href":"http:\/\/avozdecambra.pt\/index.php?rest_route=%2Fwp%2Fv2%2Fcategories&post=7366"},{"taxonomy":"post_tag","embeddable":true,"href":"http:\/\/avozdecambra.pt\/index.php?rest_route=%2Fwp%2Fv2%2Ftags&post=7366"}],"curies":[{"name":"wp","href":"https:\/\/api.w.org\/{rel}","templated":true}]}}