{"id":7432,"date":"2023-01-06T11:01:32","date_gmt":"2023-01-06T11:01:32","guid":{"rendered":"http:\/\/avozdecambra.pt\/?p=7432"},"modified":"2023-01-06T12:07:19","modified_gmt":"2023-01-06T12:07:19","slug":"escolas-de-vale-de-cambra-voltam-a-encerrar-devido-a-greve-de-professores-e-funcionarios","status":"publish","type":"post","link":"http:\/\/avozdecambra.pt\/?p=7432","title":{"rendered":"Greve de professores e funcion\u00e1rios volta a encerrar Escolas em Vale de Cambra"},"content":{"rendered":"\n<p><strong>O Agrupamento de Escolas de B\u00fazio anunciou esta sexta-feira que as escolas das Dairas e de B\u00fazio, estar\u00e3o encerradas devido \u00e0 greve dos professores e funcion\u00e1rios contra a proposta do Or\u00e7amento do Estado para 2023.<\/strong><\/p>\n\n\n\n<p>\u201cPor motivos de Greve, pessoal docente e n\u00e3o docente,&nbsp;n\u00e3o h\u00e1 atividades letivas na Escola B\u00e1sica das Dairas e na Escola B\u00e1sica e Secund\u00e1ria de B\u00fazio, no dia 06\/01\/2023\u201d anuncia esta sexta-feira o site do Agrupamento de Escolas de B\u00fazio, em Vale de Cambra e um cartaz colado no port\u00e3o da Escola Sede do Agrupamento. <\/p>\n\n\n\n<p>O segundo per\u00edodo do ano letivo de 2022\/2023 come\u00e7a como terminou o primeiro, envolto num clima de contesta\u00e7\u00e3o, com greves, protestos e vig\u00edlias por todo o pa\u00eds.&nbsp;<\/p>\n\n\n\n<p>O Sindicato de Todos os Professora (STOP) retomou esta ter\u00e7a-feira a greve por tempo indeterminado que decorre desde 9 de dezembro e levou ao encerramento pontual de v\u00e1rias escolas nos \u00faltimos dias do primeiro per\u00edodo.<\/p>\n\n\n\n<p>Na semana de dias 13 e 16 de dezembro, os professores das escolas do concelho tamb\u00e9m aderiram \u00e0 greve nacional, atingindo centenas de alunos e levando mesmo a GNR a intervir para abrir os cadeados colocados nos port\u00f5es da Escola Sede de Vale de Cambra.&nbsp;<\/p>\n\n\n\n<p>Este sindicato entregou pr\u00e9-avisos de greve at\u00e9 ao final do m\u00eas de janeiro, que alargou tamb\u00e9m aos trabalhadores n\u00e3o docentes.<\/p>\n\n\n\n<p>J\u00e1 nesta ter\u00e7a-feira, primeiro dia da semana de aulas do 2.\u00ba per\u00edodo come\u00e7ou com greve ao primeiro tempo, convocada pelo SIPE \u2013 Sindicato Independente de Professores e Educadores.<\/p>\n\n\n\n<p>At\u00e9 ao momento, ainda n\u00e3o foi poss\u00edvel entrar em contacto com o Agrupamento de Escolas de B\u00fazio, mas, ao que conseguimos apurar, durante esta semana, houve docentes a fazerem greve em diferentes momentos, consoante o seu hor\u00e1rio, ao contr\u00e1rio de hoje que as escolas fecharam e n\u00e3o haver\u00e1 aulas. <\/p>\n\n\n\n<p>A a\u00e7\u00e3o visa obrigar o Minist\u00e9rio das Educa\u00e7\u00e3o a recuar nas propostas que apresentou aos professores, refere em comunicado o SIPE.&nbsp;<\/p>\n\n\n\n<p>\u201cNunca aceitaremos a contrata\u00e7\u00e3o direta pelas escolas, a vincula\u00e7\u00e3o direta em quadros de agrupamento (QA) pelos agrupamentos, nem coloca\u00e7\u00e3o na mobilidade interna atrav\u00e9s da an\u00e1lise do perfil de compet\u00eancias feito por um conselho de diretores\u201d, sublinhou J\u00falia Azevedo, presidente do SIPE.<\/p>\n\n\n\n<p>O sindicato apela \u00e0 converg\u00eancia de todos, s\u00f3cios e n\u00e3o s\u00f3cios, na luta contra as pol\u00edticas educativas do Governo e tem vindo a realizar reuni\u00f5es com os partidos pol\u00edticos com assento parlamentar e com as confedera\u00e7\u00f5es de pais e ainda realizado sess\u00f5es de esclarecimento a professores e educadores. &nbsp;<\/p>\n\n\n\n<p>Al\u00e9m do recuo \u00e0s altera\u00e7\u00f5es propostas pelo Minist\u00e9rio da Educa\u00e7\u00e3o, o SIPE exige ainda a abertura de v\u00e1rios processos negociais com a tutela para exigir a extin\u00e7\u00e3o das vagas de acesso aos 5.\u00ba e 7.\u00ba escal\u00f5es com efeitos retroativos, a recupera\u00e7\u00e3o integral do tempo de servi\u00e7o, a redu\u00e7\u00e3o da componente letiva por idade igual em todos os n\u00edveis de ensino revertendo para a componente individual de trabalho, a altera\u00e7\u00e3o ao regime da mobilidade por doen\u00e7a, o fim da precariedade na contrata\u00e7\u00e3o com vincula\u00e7\u00e3o autom\u00e1tica ao fim de tr\u00eas anos de servi\u00e7o e a reposi\u00e7\u00e3o da perda salarial, entre outras.<\/p>\n\n\n\n<p>J\u00e1 a Fenprof \u2013 Federa\u00e7\u00e3o Nacional de Professores decidiu retomar as greves ao sobretrabalho e \u00e0s horas extraordin\u00e1rias, que tinham sido iniciadas em 24 de outubro e promoveu esta ter\u00e7a-feira, uma concentra\u00e7\u00e3o junto ao Minist\u00e9rio da Educa\u00e7\u00e3o, mas promete endurecer a luta a partir de 10 de janeiro se at\u00e9 l\u00e1 n\u00e3o houver respostas.&nbsp;<\/p>\n\n\n\n<p>Segue-se uma greve nacional por distritos, com in\u00edcio em Lisboa a 16 de janeiro, prolongando-se at\u00e9 8 de fevereiro. Para 11 de fevereiro est\u00e1 marcada uma manifesta\u00e7\u00e3o nacional em defesa da profiss\u00e3o de professor e novas datas ser\u00e3o anunciadas para novas a\u00e7\u00f5es.<\/p>\n\n\n\n<p>A Federa\u00e7\u00e3o Nacional da Educa\u00e7\u00e3o (FNE), que tamb\u00e9m realizou greve a 2 de novembro, tem negociado com o Governo, a quem pede respostas que permitam valorizar a educa\u00e7\u00e3o e os seus profissionais.<\/p>\n","protected":false},"excerpt":{"rendered":"<p>O Agrupamento de Escolas de B\u00fazio anunciou esta sexta-feira que as escolas das Dairas e de B\u00fazio, estar\u00e3o encerradas devido \u00e0 greve dos professores e funcion\u00e1rios contra a proposta do Or\u00e7amento do Estado para 2023. \u201cPor motivos de Greve, pessoal docente e n\u00e3o docente,&nbsp;n\u00e3o h\u00e1 atividades letivas na Escola B\u00e1sica das Dairas e na Escola<\/p>\n","protected":false},"author":5,"featured_media":7433,"comment_status":"open","ping_status":"open","sticky":false,"template":"","format":"standard","meta":{"_monsterinsights_skip_tracking":false,"_monsterinsights_sitenote_active":false,"_monsterinsights_sitenote_note":"","_monsterinsights_sitenote_category":0,"footnotes":""},"categories":[1],"tags":[759,758],"class_list":{"0":"post-7432","1":"post","2":"type-post","3":"status-publish","4":"format-standard","5":"has-post-thumbnail","7":"category-atual","8":"tag-agrupamento-de-escolas-de-buzio","9":"tag-greve-dos-professores"},"aioseo_notices":[],"_links":{"self":[{"href":"http:\/\/avozdecambra.pt\/index.php?rest_route=\/wp\/v2\/posts\/7432","targetHints":{"allow":["GET"]}}],"collection":[{"href":"http:\/\/avozdecambra.pt\/index.php?rest_route=\/wp\/v2\/posts"}],"about":[{"href":"http:\/\/avozdecambra.pt\/index.php?rest_route=\/wp\/v2\/types\/post"}],"author":[{"embeddable":true,"href":"http:\/\/avozdecambra.pt\/index.php?rest_route=\/wp\/v2\/users\/5"}],"replies":[{"embeddable":true,"href":"http:\/\/avozdecambra.pt\/index.php?rest_route=%2Fwp%2Fv2%2Fcomments&post=7432"}],"version-history":[{"count":9,"href":"http:\/\/avozdecambra.pt\/index.php?rest_route=\/wp\/v2\/posts\/7432\/revisions"}],"predecessor-version":[{"id":7443,"href":"http:\/\/avozdecambra.pt\/index.php?rest_route=\/wp\/v2\/posts\/7432\/revisions\/7443"}],"wp:featuredmedia":[{"embeddable":true,"href":"http:\/\/avozdecambra.pt\/index.php?rest_route=\/wp\/v2\/media\/7433"}],"wp:attachment":[{"href":"http:\/\/avozdecambra.pt\/index.php?rest_route=%2Fwp%2Fv2%2Fmedia&parent=7432"}],"wp:term":[{"taxonomy":"category","embeddable":true,"href":"http:\/\/avozdecambra.pt\/index.php?rest_route=%2Fwp%2Fv2%2Fcategories&post=7432"},{"taxonomy":"post_tag","embeddable":true,"href":"http:\/\/avozdecambra.pt\/index.php?rest_route=%2Fwp%2Fv2%2Ftags&post=7432"}],"curies":[{"name":"wp","href":"https:\/\/api.w.org\/{rel}","templated":true}]}}