{"id":7461,"date":"2023-01-08T20:24:42","date_gmt":"2023-01-08T20:24:42","guid":{"rendered":"http:\/\/avozdecambra.pt\/?p=7461"},"modified":"2023-01-10T16:04:12","modified_gmt":"2023-01-10T16:04:12","slug":"lbp-distingue-associacao-e-corpo-de-bombeiros-de-vale-de-cambra-com-medalha-de-merito-e-gratidao-covid-19","status":"publish","type":"post","link":"http:\/\/avozdecambra.pt\/?p=7461","title":{"rendered":"LBP distingue Associa\u00e7\u00e3o e Corpo de Bombeiros de Vale de Cambra com medalha de m\u00e9rito e \u201cGratid\u00e3o COVID 19\u201d"},"content":{"rendered":"\n<p><strong>A Liga dos Bombeiros Portugueses (LBP) atribuiu a medalha de m\u00e9rito \u00e0 Associa\u00e7\u00e3o Humanit\u00e1ria de Bombeiros de Vale de Cambra e tamb\u00e9m a de \u201cGratid\u00e3o COVID 19\u201d, em reconhecimento pelo esfor\u00e7ado e dedicado trabalho que executaram durante a pandemia.<\/strong><\/p>\n\n\n\n<p>A medalha foi colocada, este domingo, nos estandarte pelo representante da LBP, Luis Elias aquando da celebra\u00e7\u00e3o do 63\u00aa anivers\u00e1rio da Associa\u00e7\u00e3o Humanit\u00e1ria valecambrense.&nbsp;<\/p>\n","protected":false},"excerpt":{"rendered":"<p>A Liga dos Bombeiros Portugueses (LBP) atribuiu a medalha de m\u00e9rito \u00e0 Associa\u00e7\u00e3o Humanit\u00e1ria de Bombeiros de Vale de Cambra e tamb\u00e9m a de \u201cGratid\u00e3o COVID 19\u201d, em reconhecimento pelo esfor\u00e7ado e dedicado trabalho que executaram durante a pandemia. A medalha foi colocada, este domingo, nos estandarte pelo representante da LBP, Luis Elias aquando da<\/p>\n","protected":false},"author":5,"featured_media":7486,"comment_status":"open","ping_status":"open","sticky":false,"template":"","format":"standard","meta":{"_monsterinsights_skip_tracking":false,"_monsterinsights_sitenote_active":false,"_monsterinsights_sitenote_note":"","_monsterinsights_sitenote_category":0,"footnotes":""},"categories":[1],"tags":[480],"class_list":{"0":"post-7461","1":"post","2":"type-post","3":"status-publish","4":"format-standard","5":"has-post-thumbnail","7":"category-atual","8":"tag-associacao-humanitaria-dos-bombeiros-voluntarios-de-vale-de-cambra"},"aioseo_notices":[],"_links":{"self":[{"href":"http:\/\/avozdecambra.pt\/index.php?rest_route=\/wp\/v2\/posts\/7461","targetHints":{"allow":["GET"]}}],"collection":[{"href":"http:\/\/avozdecambra.pt\/index.php?rest_route=\/wp\/v2\/posts"}],"about":[{"href":"http:\/\/avozdecambra.pt\/index.php?rest_route=\/wp\/v2\/types\/post"}],"author":[{"embeddable":true,"href":"http:\/\/avozdecambra.pt\/index.php?rest_route=\/wp\/v2\/users\/5"}],"replies":[{"embeddable":true,"href":"http:\/\/avozdecambra.pt\/index.php?rest_route=%2Fwp%2Fv2%2Fcomments&post=7461"}],"version-history":[{"count":1,"href":"http:\/\/avozdecambra.pt\/index.php?rest_route=\/wp\/v2\/posts\/7461\/revisions"}],"predecessor-version":[{"id":7462,"href":"http:\/\/avozdecambra.pt\/index.php?rest_route=\/wp\/v2\/posts\/7461\/revisions\/7462"}],"wp:featuredmedia":[{"embeddable":true,"href":"http:\/\/avozdecambra.pt\/index.php?rest_route=\/wp\/v2\/media\/7486"}],"wp:attachment":[{"href":"http:\/\/avozdecambra.pt\/index.php?rest_route=%2Fwp%2Fv2%2Fmedia&parent=7461"}],"wp:term":[{"taxonomy":"category","embeddable":true,"href":"http:\/\/avozdecambra.pt\/index.php?rest_route=%2Fwp%2Fv2%2Fcategories&post=7461"},{"taxonomy":"post_tag","embeddable":true,"href":"http:\/\/avozdecambra.pt\/index.php?rest_route=%2Fwp%2Fv2%2Ftags&post=7461"}],"curies":[{"name":"wp","href":"https:\/\/api.w.org\/{rel}","templated":true}]}}