{"id":7464,"date":"2023-01-09T14:46:28","date_gmt":"2023-01-09T14:46:28","guid":{"rendered":"http:\/\/avozdecambra.pt\/?p=7464"},"modified":"2023-01-09T18:08:30","modified_gmt":"2023-01-09T18:08:30","slug":"63a-aniversario-bombeiros-de-vale-de-cambra-condecoram-camara-municipal-pelo-apoio-prestado-nos-ultimos-anos","status":"publish","type":"post","link":"http:\/\/avozdecambra.pt\/?p=7464","title":{"rendered":"63.\u00ba anivers\u00e1rio: Bombeiros de Vale de Cambra condecoram C\u00e2mara Municipal pelo apoio prestado nos \u00faltimos anos"},"content":{"rendered":"\n<p><strong>A Associa\u00e7\u00e3o Humanit\u00e1ria dos Bombeiros de Vale de Cambra condecorou a C\u00e2mara Municipal de Vale de Cambra, pelo apoio prestado ao longo dos \u00faltimos anos. A cerim\u00f3nia decorreu este domingo, no contexto do 63\u00ba anivers\u00e1rio dos \u201csoldados da paz\u201d.&nbsp;<\/strong><\/p>\n\n\n\n<p>Na pessoa do presidente da C\u00e2mara de Vale de Cambra Jos\u00e9 Pinheiro, a Autarquia valecambrense foi distinguida pelos bombeiros locais, com um crach\u00e1 de m\u00e9rito e cidadania da Liga dos Bombeiros Portugueses.&nbsp;<\/p>\n\n\n\n<p>O presidente da Associa\u00e7\u00e3o Humanit\u00e1ria dos Bombeiros de Vale de Cambra, Miguel Aguiar Soares real\u00e7ou o reconhecimento pelo apoio prestado desta entidade ao longo dos \u00faltimos anos.&nbsp;<\/p>\n\n\n\n<p>O comandante da corpora\u00e7\u00e3o dos Bombeiros, salientou ainda a dedica\u00e7\u00e3o&nbsp; do autarca a esta causa.&nbsp;<\/p>\n\n\n\n<p>\u201cReconhecemos todo o apoio prestado ao longo dos \u00faltimos anos, na verdade tem sido um parceiro \u00edmpar na vida desta Associa\u00e7\u00e3o, obrigada\u201d, referiu Victor Machado, na cerim\u00f3nia que decorreu no Quartel Operacional dos Bombeiros, durante as comemora\u00e7\u00f5es do 63\u00ba anivers\u00e1rio da Associa\u00e7\u00e3o.&nbsp;<\/p>\n\n\n\n<p>O comandante aproveitou a oportunidade para lan\u00e7ar um desafio a Jos\u00e9 Pinheiro, no sentido de estabelecer um protocolo plurianual de coopera\u00e7\u00e3o com os bombeiros.&nbsp;<\/p>\n\n\n\n<p>\u201cComo sabe, temos vivido tempos dif\u00edceis, onde o planeamento se faz com um poss\u00edvel apoio e gostar\u00edamos de ver concretizado de uma forma concreta este apoio em fun\u00e7\u00e3o dos riscos e vulnerabilidades da nossa atividade. E que o mesmo seja ben\u00e9fico para a resposta e socorro \u00e0 nossa popula\u00e7\u00e3o. Sei bem de todo o esfor\u00e7o e apoio que tem dado aos seus bombeiros, e estou grato por todo esse apoio\u201d, refor\u00e7ou o comandante.&nbsp;<\/p>\n\n\n\n<p>O presidente da C\u00e2mara de Vale de Cambra, respondeu ao desafio lan\u00e7ado por Victor Machado e, admitiu analisar a proposta e at\u00e9 sugeriu fazer uma fus\u00e3o de protocolos, num contrato de programa que possa servir o interesse e a seguran\u00e7a do Munic\u00edpio. Jos\u00e9 Pinheiro aproveitou ainda para felicitar a Associa\u00e7\u00e3o pelos 63 anos de vida e homenagear a todos os que, \u201cde forma abnegada se entregam ao seu pr\u00f3ximo\u201d.&nbsp;<\/p>\n\n\n\n<p>Presente nesta cerim\u00f3nia, esteve tamb\u00e9m o presidente da Assembleia Municipal de Vale de Cambra, Miguel Paiva, que deixou uma mensagem de reconhecimento pelo \u201ctrabalho merit\u00f3rio que os bombeiros t\u00eam tido durante 63 anos, na comunidade\u201d.&nbsp;<\/p>\n\n\n\n<p>\u201cNum tempo em que a crise afeta fam\u00edlias e empresas, os Bombeiros Volunt\u00e1rios afirmam-se e est\u00e3o sempre presentes no socorro\u201d, afirmou.&nbsp;<\/p>\n\n\n\n<p>A cerim\u00f3nia serviu ainda para inaugurar a futura ABSC 04, um novo ve\u00edculo de \u00e2mbito pr\u00e9-hospitalar, oferecido pelos empres\u00e1rios valecambrenses, Armindo Pinho e Ant\u00f3nio Jorge Pinho, que conclu\u00edram assim o projeto de renova\u00e7\u00e3o da frota pr\u00e9-hospitalar desta Associa\u00e7\u00e3o.&nbsp;<\/p>\n\n\n\n<p>\u201cEste \u00e9 um projeto iniciado em finais de 2018, que em quatro anos se traduziu em quatro novos ve\u00edculos de \u00e2mbito pr\u00e9 hospitalar, num total de cerca de 260.000mil euros. Importa referir que este investimento s\u00f3 foi poss\u00edvel com a ajuda financeira da comunidade empresarial, gostaria de uma vez mais agradecer a um dos impulsionadores deste projeto, o Sr. Ant\u00f3nio Moreira\u201d, sublinhou Victor Machado.&nbsp;<\/p>\n\n\n\n<p>Para agradecer a todos quantos contribu\u00edram para este projeto no ano de 2022, a Associa\u00e7\u00e3o Humanit\u00e1ria condecorou entidades com medalha de servi\u00e7os distintos da Liga dos Bombeiros Portugueses: Polisport, Bel Portugal, Inoxcom, Leirinox, MJ Amaral, Reclacambra e Uniagri.<\/p>\n\n\n\n<p>Nesta cerim\u00f3nia foram ainda homenageados, Ernesto Matos Gomes pela sua dedica\u00e7\u00e3o a esta Associa\u00e7\u00e3o ao longo de v\u00e1rios anos e foram atribu\u00eddas medalhas de m\u00e9rito a Saul Lima e Ant\u00f3nio, pelo apoio prestado ao longo dos anos de uma forma gratuita.&nbsp;<\/p>\n\n\n\n<p>Em representa\u00e7\u00e3o da Liga dos Bombeiros Portugueses, esteve Lu\u00eds Elias, que aproveitou para abordar o tema da sustentabilidade das associa\u00e7\u00f5es humanit\u00e1rias.&nbsp;<\/p>\n\n\n\n<p>\u201cSem sustentabilidade, pode estar em causa a prote\u00e7\u00e3o do socorro. H\u00e1 um subfinanciamento cr\u00f3nico das Associa\u00e7\u00f5es que \u00e9 not\u00f3rio.&nbsp;<\/p>\n\n\n\n<p>O comandante Sub-Regional de Emerg\u00eancia e Prote\u00e7\u00e3o Civil da \u00c1rea Metropolitana do Porto (AMP), Albano Teixeira, presidiu \u00e0 cerim\u00f3nia, uma vez que, a partir deste ano, o comando passar a responder ao comando sub-regional de emerg\u00eancia e prote\u00e7\u00e3o civil&nbsp; da AMP, uma lei que j\u00e1 entrou em vigor em 2019 e que terminou com 18 CDOS e criou 23 comandos sub-regionais. Albano Teixeira prometeu dar todo o apoio que esta Associa\u00e7\u00e3o necessitar no desenvolvimento das suas tarefas.&nbsp;<\/p>\n","protected":false},"excerpt":{"rendered":"<p>A Associa\u00e7\u00e3o Humanit\u00e1ria dos Bombeiros de Vale de Cambra condecorou a C\u00e2mara Municipal de Vale de Cambra, pelo apoio prestado ao longo dos \u00faltimos anos. A cerim\u00f3nia decorreu este domingo, no contexto do 63\u00ba anivers\u00e1rio dos \u201csoldados da paz\u201d.&nbsp; Na pessoa do presidente da C\u00e2mara de Vale de Cambra Jos\u00e9 Pinheiro, a Autarquia valecambrense foi<\/p>\n","protected":false},"author":5,"featured_media":7476,"comment_status":"open","ping_status":"open","sticky":false,"template":"","format":"standard","meta":{"_monsterinsights_skip_tracking":false,"_monsterinsights_sitenote_active":false,"_monsterinsights_sitenote_note":"","_monsterinsights_sitenote_category":0,"footnotes":""},"categories":[1],"tags":[480,472],"class_list":{"0":"post-7464","1":"post","2":"type-post","3":"status-publish","4":"format-standard","5":"has-post-thumbnail","7":"category-atual","8":"tag-associacao-humanitaria-dos-bombeiros-voluntarios-de-vale-de-cambra","9":"tag-camara-de-vale-de-cambra"},"aioseo_notices":[],"_links":{"self":[{"href":"http:\/\/avozdecambra.pt\/index.php?rest_route=\/wp\/v2\/posts\/7464","targetHints":{"allow":["GET"]}}],"collection":[{"href":"http:\/\/avozdecambra.pt\/index.php?rest_route=\/wp\/v2\/posts"}],"about":[{"href":"http:\/\/avozdecambra.pt\/index.php?rest_route=\/wp\/v2\/types\/post"}],"author":[{"embeddable":true,"href":"http:\/\/avozdecambra.pt\/index.php?rest_route=\/wp\/v2\/users\/5"}],"replies":[{"embeddable":true,"href":"http:\/\/avozdecambra.pt\/index.php?rest_route=%2Fwp%2Fv2%2Fcomments&post=7464"}],"version-history":[{"count":3,"href":"http:\/\/avozdecambra.pt\/index.php?rest_route=\/wp\/v2\/posts\/7464\/revisions"}],"predecessor-version":[{"id":7475,"href":"http:\/\/avozdecambra.pt\/index.php?rest_route=\/wp\/v2\/posts\/7464\/revisions\/7475"}],"wp:featuredmedia":[{"embeddable":true,"href":"http:\/\/avozdecambra.pt\/index.php?rest_route=\/wp\/v2\/media\/7476"}],"wp:attachment":[{"href":"http:\/\/avozdecambra.pt\/index.php?rest_route=%2Fwp%2Fv2%2Fmedia&parent=7464"}],"wp:term":[{"taxonomy":"category","embeddable":true,"href":"http:\/\/avozdecambra.pt\/index.php?rest_route=%2Fwp%2Fv2%2Fcategories&post=7464"},{"taxonomy":"post_tag","embeddable":true,"href":"http:\/\/avozdecambra.pt\/index.php?rest_route=%2Fwp%2Fv2%2Ftags&post=7464"}],"curies":[{"name":"wp","href":"https:\/\/api.w.org\/{rel}","templated":true}]}}