{"id":7479,"date":"2023-01-10T15:39:48","date_gmt":"2023-01-10T15:39:48","guid":{"rendered":"http:\/\/avozdecambra.pt\/?p=7479"},"modified":"2023-01-10T16:06:17","modified_gmt":"2023-01-10T16:06:17","slug":"ha-cambra-e-sl-benfica-defrontam-se-nos-16-avos-de-final-da-taca-de-portugal","status":"publish","type":"post","link":"http:\/\/avozdecambra.pt\/?p=7479","title":{"rendered":"HA Cambra e SL Benfica defrontam-se nos 16 avos de final da Ta\u00e7a de Portugal"},"content":{"rendered":"\n<p><strong>O H\u00f3quei Acad\u00e9mico de Cambra recebe o Sport Lisboa Benfica nos 16 avos de final da Ta\u00e7a de Portugal, este s\u00e1bado, dia 14 de janeiro, pelas 17h, no Pavilh\u00e3o Municipal de Vale de Cambra.&nbsp;<\/strong><\/p>\n\n\n\n<p>O HA Cambra vai receber o SL Benfica num jogo a contar para os 16 avos de final da Ta\u00e7a de Portugal em h\u00f3quei em patins.&nbsp;<\/p>\n\n\n\n<p>Os bilhetes podem ser adquiridos na quarta-feira, dia 11 de janeiro e quinta-feira, dia 12 de janeiro, entre as 19h e as 21h, no Pavilh\u00e3o Municipal de Vale de Cambra.\u00a0<\/p>\n\n\n\n<p>\u201cQueremos seguir em frente e, para isso, precisamos de ser uma equipa guerreira e, claro, do apoio de todos os adeptos cambrenses. Queremos que sejam o nosso 11.\u00ba jogador. S\u00e1bado n\u00e3o hesites e desloca-te ao Pavilh\u00e3o Municipal de Vale de Cambra, traz os teus amigos, fam\u00edlia e n\u00e3o te esque\u00e7as do cachecol do HA Cambra\u201d, apela a equipa da casa.&nbsp;<\/p>\n","protected":false},"excerpt":{"rendered":"<p>O H\u00f3quei Acad\u00e9mico de Cambra recebe o Sport Lisboa Benfica nos 16 avos de final da Ta\u00e7a de Portugal, este s\u00e1bado, dia 14 de janeiro, pelas 17h, no Pavilh\u00e3o Municipal de Vale de Cambra.&nbsp; O HA Cambra vai receber o SL Benfica num jogo a contar para os 16 avos de final da Ta\u00e7a de<\/p>\n","protected":false},"author":5,"featured_media":7480,"comment_status":"open","ping_status":"open","sticky":false,"template":"","format":"standard","meta":{"_monsterinsights_skip_tracking":false,"_monsterinsights_sitenote_active":false,"_monsterinsights_sitenote_note":"","_monsterinsights_sitenote_category":0,"footnotes":""},"categories":[585,1,5],"tags":[180],"class_list":{"0":"post-7479","1":"post","2":"type-post","3":"status-publish","4":"format-standard","5":"has-post-thumbnail","7":"category-agenda","8":"category-atual","9":"category-desporto","10":"tag-hoquei-academico-de-cambra"},"aioseo_notices":[],"_links":{"self":[{"href":"http:\/\/avozdecambra.pt\/index.php?rest_route=\/wp\/v2\/posts\/7479","targetHints":{"allow":["GET"]}}],"collection":[{"href":"http:\/\/avozdecambra.pt\/index.php?rest_route=\/wp\/v2\/posts"}],"about":[{"href":"http:\/\/avozdecambra.pt\/index.php?rest_route=\/wp\/v2\/types\/post"}],"author":[{"embeddable":true,"href":"http:\/\/avozdecambra.pt\/index.php?rest_route=\/wp\/v2\/users\/5"}],"replies":[{"embeddable":true,"href":"http:\/\/avozdecambra.pt\/index.php?rest_route=%2Fwp%2Fv2%2Fcomments&post=7479"}],"version-history":[{"count":5,"href":"http:\/\/avozdecambra.pt\/index.php?rest_route=\/wp\/v2\/posts\/7479\/revisions"}],"predecessor-version":[{"id":7487,"href":"http:\/\/avozdecambra.pt\/index.php?rest_route=\/wp\/v2\/posts\/7479\/revisions\/7487"}],"wp:featuredmedia":[{"embeddable":true,"href":"http:\/\/avozdecambra.pt\/index.php?rest_route=\/wp\/v2\/media\/7480"}],"wp:attachment":[{"href":"http:\/\/avozdecambra.pt\/index.php?rest_route=%2Fwp%2Fv2%2Fmedia&parent=7479"}],"wp:term":[{"taxonomy":"category","embeddable":true,"href":"http:\/\/avozdecambra.pt\/index.php?rest_route=%2Fwp%2Fv2%2Fcategories&post=7479"},{"taxonomy":"post_tag","embeddable":true,"href":"http:\/\/avozdecambra.pt\/index.php?rest_route=%2Fwp%2Fv2%2Ftags&post=7479"}],"curies":[{"name":"wp","href":"https:\/\/api.w.org\/{rel}","templated":true}]}}