{"id":7602,"date":"2023-01-31T14:41:46","date_gmt":"2023-01-31T14:41:46","guid":{"rendered":"http:\/\/avozdecambra.pt\/?p=7602"},"modified":"2023-01-31T14:43:08","modified_gmt":"2023-01-31T14:43:08","slug":"tradicao-de-encontro-de-cantares-das-janeiras-volta-a-cumprir-se","status":"publish","type":"post","link":"http:\/\/avozdecambra.pt\/?p=7602","title":{"rendered":"Tradi\u00e7\u00e3o de encontro de cantares das janeiras volta a cumprir-se\u00a0"},"content":{"rendered":"\n<p><strong>Uma das tradi\u00e7\u00f5es do in\u00edcio de ano voltou a realizar-se, este domingo e levou ao palco do Parque Urbano da freguesia de Junqueira nove grupos de cantares de janeiras. &nbsp; &nbsp;<\/strong><\/p>\n\n\n\n<p>O tradicional \u201cEncontro de Cantares de Janeiras\u201d, promovido pela C\u00e2mara Municipal de Vale de Cambra levou ao palco do Parque Urbano de Junqueira nove grupos: Grupo de Cantares de Junqueira; Rancho Folcl\u00f3rico \u201cA Primavera\u201d de Vila Cova de Perrinho; Grupo Recreativo Desportivo e Cultural &#8220;R\u00f4ge Futebol Clube; Grupo Desportivo e Cultural \u201cEstrelas Vermelhas\u201d; Grupo Folcl\u00f3rico e Etnogr\u00e1fico de S. Pedro de Castel\u00f5es; Sociedade Art\u00edstica Banda de Vale de Cambra; Grupo Etnogr\u00e1fico \u201cTerras de Cambra\u201d; Banda Musical \u201cFlor da Mocidade Junqueirense\u201d; e Casa do Professor e Universidade S\u00e9nior de Vale de Cambra.&nbsp;<\/p>\n\n\n\n<p>A iniciativa \u00e9 promovida pela C\u00e2mara Municipal de Vale de Cambra, que conta com a co-organiza\u00e7\u00e3o da junta de freguesia de Junqueira, da Banda Musical Flor da Mocidade Junqueirense, da Associa\u00e7\u00e3o Amigos da Pontemieiro e da ACDR Junqueirense.&nbsp;<\/p>\n\n\n\n<p>O Encontro Concelhio de Janeiras tem marcado a agenda cultural local, durante mais de duas d\u00e9cadas e tem preservado a mem\u00f3ria coletiva e tamb\u00e9m promovido um encontro de gera\u00e7\u00f5es.<\/p>\n\n\n\n<p>O presidente da C\u00e2mara de Vale de Cambra, Jos\u00e9 Pinheiro, a vereadora da Cultura, M\u00f3nica Seixas, o presidente da Assembleia Municipal, Miguel Paiva,\u00a0 o presidente da junta de freguesia de Junqueira, Henrique Pereira, v\u00e1rios presidentes de junta do concelho, entre outros, estiveram presentes no evento, que apesar do frio que se fazia sentir, encheram o recinto do Parque Urbano de Junqueira.\u00a0<\/p>\n\n\n\n<figure class=\"wp-block-gallery has-nested-images columns-default is-cropped wp-block-gallery-1 is-layout-flex wp-block-gallery-is-layout-flex\">\n<figure class=\"wp-block-image size-large\"><img loading=\"lazy\" decoding=\"async\" width=\"1024\" height=\"576\" data-id=\"7603\" src=\"http:\/\/avozdecambra.pt\/wp-content\/uploads\/2023\/01\/ej2-1024x576.jpg\" alt=\"\" class=\"wp-image-7603\" srcset=\"http:\/\/avozdecambra.pt\/wp-content\/uploads\/2023\/01\/ej2-1024x576.jpg 1024w, http:\/\/avozdecambra.pt\/wp-content\/uploads\/2023\/01\/ej2-300x169.jpg 300w, http:\/\/avozdecambra.pt\/wp-content\/uploads\/2023\/01\/ej2-768x432.jpg 768w, http:\/\/avozdecambra.pt\/wp-content\/uploads\/2023\/01\/ej2-150x84.jpg 150w, http:\/\/avozdecambra.pt\/wp-content\/uploads\/2023\/01\/ej2-450x253.jpg 450w, http:\/\/avozdecambra.pt\/wp-content\/uploads\/2023\/01\/ej2.jpg 1200w\" sizes=\"auto, (max-width: 1024px) 100vw, 1024px\" \/><\/figure>\n<\/figure>\n","protected":false},"excerpt":{"rendered":"<p>Uma das tradi\u00e7\u00f5es do in\u00edcio de ano voltou a realizar-se, este domingo e levou ao palco do Parque Urbano da freguesia de Junqueira nove grupos de cantares de janeiras. &nbsp; &nbsp; O tradicional \u201cEncontro de Cantares de Janeiras\u201d, promovido pela C\u00e2mara Municipal de Vale de Cambra levou ao palco do Parque Urbano de Junqueira nove<\/p>\n","protected":false},"author":5,"featured_media":7605,"comment_status":"open","ping_status":"open","sticky":false,"template":"","format":"standard","meta":{"_monsterinsights_skip_tracking":false,"_monsterinsights_sitenote_active":false,"_monsterinsights_sitenote_note":"","_monsterinsights_sitenote_category":0,"footnotes":""},"categories":[1],"tags":[762,123],"class_list":{"0":"post-7602","1":"post","2":"type-post","3":"status-publish","4":"format-standard","5":"has-post-thumbnail","7":"category-atual","8":"tag-encontro-de-cantares-de-janeiras","9":"tag-junqueira"},"aioseo_notices":[],"_links":{"self":[{"href":"http:\/\/avozdecambra.pt\/index.php?rest_route=\/wp\/v2\/posts\/7602","targetHints":{"allow":["GET"]}}],"collection":[{"href":"http:\/\/avozdecambra.pt\/index.php?rest_route=\/wp\/v2\/posts"}],"about":[{"href":"http:\/\/avozdecambra.pt\/index.php?rest_route=\/wp\/v2\/types\/post"}],"author":[{"embeddable":true,"href":"http:\/\/avozdecambra.pt\/index.php?rest_route=\/wp\/v2\/users\/5"}],"replies":[{"embeddable":true,"href":"http:\/\/avozdecambra.pt\/index.php?rest_route=%2Fwp%2Fv2%2Fcomments&post=7602"}],"version-history":[{"count":2,"href":"http:\/\/avozdecambra.pt\/index.php?rest_route=\/wp\/v2\/posts\/7602\/revisions"}],"predecessor-version":[{"id":7606,"href":"http:\/\/avozdecambra.pt\/index.php?rest_route=\/wp\/v2\/posts\/7602\/revisions\/7606"}],"wp:featuredmedia":[{"embeddable":true,"href":"http:\/\/avozdecambra.pt\/index.php?rest_route=\/wp\/v2\/media\/7605"}],"wp:attachment":[{"href":"http:\/\/avozdecambra.pt\/index.php?rest_route=%2Fwp%2Fv2%2Fmedia&parent=7602"}],"wp:term":[{"taxonomy":"category","embeddable":true,"href":"http:\/\/avozdecambra.pt\/index.php?rest_route=%2Fwp%2Fv2%2Fcategories&post=7602"},{"taxonomy":"post_tag","embeddable":true,"href":"http:\/\/avozdecambra.pt\/index.php?rest_route=%2Fwp%2Fv2%2Ftags&post=7602"}],"curies":[{"name":"wp","href":"https:\/\/api.w.org\/{rel}","templated":true}]}}