{"id":7866,"date":"2023-03-16T03:39:59","date_gmt":"2023-03-16T03:39:59","guid":{"rendered":"http:\/\/avozdecambra.pt\/?p=7866"},"modified":"2023-03-16T03:40:00","modified_gmt":"2023-03-16T03:40:00","slug":"hoquei-academico-de-cambra-sub17-apurados-para-campeonato-nacional","status":"publish","type":"post","link":"http:\/\/avozdecambra.pt\/?p=7866","title":{"rendered":"H\u00f3quei Acad\u00e9mico de Cambra Sub17 apurados para Campeonato Nacional"},"content":{"rendered":"\n<p><strong>A equipa de SUB17 do H\u00f3quei Acad\u00e9mico de Cambra (HAC) conseguiu no no fim de semana de 10e 11 de mar\u00e7o, o objetivo de marcar presen\u00e7a no reduzido lote de 16 equipas que disputar\u00e3o o Campeonato Nacional da categoria. Arranque da competi\u00e7\u00e3o previsto para dia 18 de mar\u00e7o.\u00a0<\/strong><\/p>\n\n\n\n<p>O Campeonato Nacional da categoria vai dividir-se em Zona Norte e Zona Sul, encontrando-se o HACambra no lote das equipas da Zona Norte, a par de UDOliveirense, FCPorto, ADValongo, C. Infante Sagres, ACD Gulpilhares, AAEspinho e ADBarcelos. O arranque da competi\u00e7\u00e3o est\u00e1 previsto para o dia 18.03.2023.<\/p>\n\n\n\n<p>Na fase de qualifica\u00e7\u00e3o para o Nacional, o HACambra partilhou o grupo com as suas cong\u00e9neres do HCMealhada, HCTurquel e SCTomar, tendo vencido todas as partidas disputadas, garantindo assim o 1.\u00ba lugar do grupo de qualifica\u00e7\u00e3o da zona centro.<\/p>\n\n\n\n<p>Depois de disputadas as diferentes fases do Campeonato Regional dos Distritos de Aveiro, Coimbra e Viseu, da presen\u00e7a na Final Four para o apuramento de Campe\u00e3o Regional e consequente acesso aos Playoffs de acesso ao Campeonato Nacional, a equipa de SUB17 conseguiu o objetivo de marcar presen\u00e7a no reduzido lote de 16 equipas que disputar\u00e3o o Campeonato Nacional da categoria.<\/p>\n","protected":false},"excerpt":{"rendered":"<p>A equipa de SUB17 do H\u00f3quei Acad\u00e9mico de Cambra (HAC) conseguiu no no fim de semana de 10e 11 de mar\u00e7o, o objetivo de marcar presen\u00e7a no reduzido lote de 16 equipas que disputar\u00e3o o Campeonato Nacional da categoria. Arranque da competi\u00e7\u00e3o previsto para dia 18 de mar\u00e7o.\u00a0 O Campeonato Nacional da categoria vai dividir-se<\/p>\n","protected":false},"author":5,"featured_media":7867,"comment_status":"open","ping_status":"open","sticky":false,"template":"","format":"standard","meta":{"_monsterinsights_skip_tracking":false,"_monsterinsights_sitenote_active":false,"_monsterinsights_sitenote_note":"","_monsterinsights_sitenote_category":0,"footnotes":""},"categories":[1,5],"tags":[180],"class_list":{"0":"post-7866","1":"post","2":"type-post","3":"status-publish","4":"format-standard","5":"has-post-thumbnail","7":"category-atual","8":"category-desporto","9":"tag-hoquei-academico-de-cambra"},"aioseo_notices":[],"_links":{"self":[{"href":"http:\/\/avozdecambra.pt\/index.php?rest_route=\/wp\/v2\/posts\/7866","targetHints":{"allow":["GET"]}}],"collection":[{"href":"http:\/\/avozdecambra.pt\/index.php?rest_route=\/wp\/v2\/posts"}],"about":[{"href":"http:\/\/avozdecambra.pt\/index.php?rest_route=\/wp\/v2\/types\/post"}],"author":[{"embeddable":true,"href":"http:\/\/avozdecambra.pt\/index.php?rest_route=\/wp\/v2\/users\/5"}],"replies":[{"embeddable":true,"href":"http:\/\/avozdecambra.pt\/index.php?rest_route=%2Fwp%2Fv2%2Fcomments&post=7866"}],"version-history":[{"count":1,"href":"http:\/\/avozdecambra.pt\/index.php?rest_route=\/wp\/v2\/posts\/7866\/revisions"}],"predecessor-version":[{"id":7868,"href":"http:\/\/avozdecambra.pt\/index.php?rest_route=\/wp\/v2\/posts\/7866\/revisions\/7868"}],"wp:featuredmedia":[{"embeddable":true,"href":"http:\/\/avozdecambra.pt\/index.php?rest_route=\/wp\/v2\/media\/7867"}],"wp:attachment":[{"href":"http:\/\/avozdecambra.pt\/index.php?rest_route=%2Fwp%2Fv2%2Fmedia&parent=7866"}],"wp:term":[{"taxonomy":"category","embeddable":true,"href":"http:\/\/avozdecambra.pt\/index.php?rest_route=%2Fwp%2Fv2%2Fcategories&post=7866"},{"taxonomy":"post_tag","embeddable":true,"href":"http:\/\/avozdecambra.pt\/index.php?rest_route=%2Fwp%2Fv2%2Ftags&post=7866"}],"curies":[{"name":"wp","href":"https:\/\/api.w.org\/{rel}","templated":true}]}}