{"id":7933,"date":"2023-03-24T09:47:48","date_gmt":"2023-03-24T09:47:48","guid":{"rendered":"http:\/\/avozdecambra.pt\/?p=7933"},"modified":"2023-03-27T17:36:33","modified_gmt":"2023-03-27T17:36:33","slug":"ana-gomes-studio-de-beleza-ha-um-novo-espaco-de-beleza-na-cidade-que-vai-mudar-o-seu-look","status":"publish","type":"post","link":"http:\/\/avozdecambra.pt\/?p=7933","title":{"rendered":"Ana Gomes Studio de Beleza: H\u00e1 um novo espa\u00e7o de beleza na cidade que vai mudar o seu look"},"content":{"rendered":"\n<p><strong>Vale de Cambra conta agora com um novo sal\u00e3o de cabeleireiro, barbearia, est\u00e9tica, beleza e bem-estar. \u201cAna Gomes Studio de Beleza\u201d abriu h\u00e1 cerca de meio ano, no centro da cidade, na Rua Camilo Castelo Branco e oferece um novo conceito no atendimento e na presta\u00e7\u00e3o de servi\u00e7os.&nbsp;<\/strong><\/p>\n\n\n\n<p>\u00c0 frente do neg\u00f3cio est\u00e1 Ana Gomes, que vive h\u00e1 pouco mais de um ano e meio em Vale de Cambra e trabalha na \u00e1rea da beleza e bem-estar h\u00e1 mais de uma d\u00e9cada.&nbsp;<\/p>\n\n\n\n<p>A jovem de 28 anos deixou o pa\u00eds que a acolheu desde os dois anos de idade, para regressar \u00e0 terra natal, Vale de Cambra e aqui construir o seu neg\u00f3cio de sonho.&nbsp;&nbsp;&nbsp;<\/p>\n\n\n\n<p>Come\u00e7ou cedo a trabalhar em Paris, com apenas 15 anos. Passou por v\u00e1rios sal\u00f5es de cabeleireiro, at\u00e9 que a experi\u00eancia lhe trouxe um lugar de destaque e evolu\u00e7\u00e3o na carreira. A jovem realizou forma\u00e7\u00f5es e chegou a ser gerente de dois conhecidos espa\u00e7os de beleza em Fran\u00e7a, o que lhe assegurou a estabilidade para voltar.&nbsp;<\/p>\n\n\n\n<p>Desde tenra idade que Ana Gomes afirmava aos seus pais, a vontade de vir viver para a sua terra natal, onde ainda tem v\u00e1rios familiares pr\u00f3ximos, incluindo os av\u00f3s.<\/p>\n\n\n\n<p>Em Vale de Cambra, abriu um espa\u00e7o pr\u00f3prio, moderno e inovador, dividido em tr\u00eas \u00e1reas distintas. Uma para o servi\u00e7o de cabeleireiro, outra para a maquilhagem, manicure e pedicure, e ainda uma barbearia.&nbsp;<\/p>\n\n\n\n<p>Os servi\u00e7os disponibilizados s\u00e3o os de cabeleireiro, como corte, brushing, colora\u00e7\u00e3o, permanentes, madeixas, alisamentos, penteados; o de est\u00e9tica, nomeadamente maquilhagem, manicure, pedicure (com hidromassagem) e\u00a0 unhas de gel; al\u00e9m disso, o \u201cStudio de Beleza\u201d, disponibiliza um servi\u00e7o de barbearia, com corte, aparar barba, madeixas, platinado, alisamento e colora\u00e7\u00e3o. No futuro, pretende tamb\u00e9m ter o servi\u00e7o de depila\u00e7\u00e3o.\u00a0<\/p>\n\n\n\n<p>Este novo espa\u00e7o assegura todas as respostas necess\u00e1rias nestas \u00e1reas, com novas tend\u00eancias, t\u00e9cnicas e produtos da melhor qualidade. Mas o que destaca Ana Gomes \u00e9 o rigor que traz da experi\u00eancia de trabalho nesta \u00e1rea, em Fran\u00e7a.&nbsp;<\/p>\n\n\n\n<p>\u201cProcuro estar sempre atualizada e responder da melhor forma e personalizada a todas os pedidos dos meus clientes. Sou rigorosa no meu trabalho e a satisfa\u00e7\u00e3o dos meus clientes \u00e9 o meu objetivo principal\u201d, garante a propriet\u00e1ria.&nbsp;<\/p>\n\n\n\n<p>O seu esp\u00edrito determinado, faz de Ana Gomes confiante no sucesso deste neg\u00f3cio e aproveita para agradecer a prefer\u00eancia dos clientes.<\/p>\n\n\n\n<hr class=\"wp-block-separator has-alpha-channel-opacity\"\/>\n\n\n\n<p><strong>O espa\u00e7o.<\/strong><\/p>\n\n\n\n<p>O sal\u00e3o foi equipado com o mais moderno mobili\u00e1rio relacionado com a \u00e1rea e decorado de forma contempor\u00e2nea e pensada para dar comodidade aos seus clientes.&nbsp;<\/p>\n\n\n\n<p>O espa\u00e7o est\u00e1 aberto de segunda a s\u00e1bado, das 9h30 \u00e0s 12h30 e das 14h \u00e0s 19h30, podendo ser efetuadas marca\u00e7\u00f5es atrav\u00e9s do telem\u00f3vel: 910 407 169 ou ainda por mensagem privada nas p\u00e1ginas de&nbsp;<a href=\"https:\/\/www.facebook.com\/profile.php?id=100043336046925\">Facebook<\/a>&nbsp;e<a href=\"https:\/\/www.instagram.com\/ana_gomes_studiodebeleza\/\">&nbsp;Instagram<\/a>.&nbsp;<\/p>\n\n\n\n<figure class=\"wp-block-gallery has-nested-images columns-default is-cropped wp-block-gallery-1 is-layout-flex wp-block-gallery-is-layout-flex\">\n<figure class=\"wp-block-image size-large\"><img loading=\"lazy\" decoding=\"async\" width=\"1024\" height=\"576\" data-id=\"7935\" src=\"http:\/\/avozdecambra.pt\/wp-content\/uploads\/2023\/03\/5-1-1024x576.jpg\" alt=\"\" class=\"wp-image-7935\" srcset=\"http:\/\/avozdecambra.pt\/wp-content\/uploads\/2023\/03\/5-1-1024x576.jpg 1024w, http:\/\/avozdecambra.pt\/wp-content\/uploads\/2023\/03\/5-1-300x169.jpg 300w, http:\/\/avozdecambra.pt\/wp-content\/uploads\/2023\/03\/5-1-768x432.jpg 768w, http:\/\/avozdecambra.pt\/wp-content\/uploads\/2023\/03\/5-1-150x84.jpg 150w, http:\/\/avozdecambra.pt\/wp-content\/uploads\/2023\/03\/5-1-450x253.jpg 450w, http:\/\/avozdecambra.pt\/wp-content\/uploads\/2023\/03\/5-1.jpg 1200w\" sizes=\"auto, (max-width: 1024px) 100vw, 1024px\" \/><\/figure>\n<\/figure>\n\n\n\n<figure class=\"wp-block-gallery has-nested-images columns-default is-cropped wp-block-gallery-2 is-layout-flex wp-block-gallery-is-layout-flex\">\n<figure class=\"wp-block-image size-large\"><img loading=\"lazy\" decoding=\"async\" width=\"1024\" height=\"576\" data-id=\"7936\" src=\"http:\/\/avozdecambra.pt\/wp-content\/uploads\/2023\/03\/4-2-1024x576.jpg\" alt=\"\" class=\"wp-image-7936\" srcset=\"http:\/\/avozdecambra.pt\/wp-content\/uploads\/2023\/03\/4-2-1024x576.jpg 1024w, http:\/\/avozdecambra.pt\/wp-content\/uploads\/2023\/03\/4-2-300x169.jpg 300w, http:\/\/avozdecambra.pt\/wp-content\/uploads\/2023\/03\/4-2-768x432.jpg 768w, http:\/\/avozdecambra.pt\/wp-content\/uploads\/2023\/03\/4-2-150x84.jpg 150w, http:\/\/avozdecambra.pt\/wp-content\/uploads\/2023\/03\/4-2-450x253.jpg 450w, http:\/\/avozdecambra.pt\/wp-content\/uploads\/2023\/03\/4-2.jpg 1200w\" sizes=\"auto, (max-width: 1024px) 100vw, 1024px\" \/><\/figure>\n<\/figure>\n\n\n\n<figure class=\"wp-block-gallery has-nested-images columns-default is-cropped wp-block-gallery-3 is-layout-flex wp-block-gallery-is-layout-flex\">\n<figure class=\"wp-block-image size-large\"><img loading=\"lazy\" decoding=\"async\" width=\"1024\" height=\"576\" data-id=\"7937\" src=\"http:\/\/avozdecambra.pt\/wp-content\/uploads\/2023\/03\/3-6-1024x576.jpg\" alt=\"\" class=\"wp-image-7937\" srcset=\"http:\/\/avozdecambra.pt\/wp-content\/uploads\/2023\/03\/3-6-1024x576.jpg 1024w, http:\/\/avozdecambra.pt\/wp-content\/uploads\/2023\/03\/3-6-300x169.jpg 300w, http:\/\/avozdecambra.pt\/wp-content\/uploads\/2023\/03\/3-6-768x432.jpg 768w, http:\/\/avozdecambra.pt\/wp-content\/uploads\/2023\/03\/3-6-150x84.jpg 150w, http:\/\/avozdecambra.pt\/wp-content\/uploads\/2023\/03\/3-6-450x253.jpg 450w, http:\/\/avozdecambra.pt\/wp-content\/uploads\/2023\/03\/3-6.jpg 1200w\" sizes=\"auto, (max-width: 1024px) 100vw, 1024px\" \/><\/figure>\n<\/figure>\n\n\n\n<figure class=\"wp-block-gallery has-nested-images columns-default is-cropped wp-block-gallery-4 is-layout-flex wp-block-gallery-is-layout-flex\">\n<figure class=\"wp-block-image size-large\"><img loading=\"lazy\" decoding=\"async\" width=\"1024\" height=\"576\" data-id=\"7939\" src=\"http:\/\/avozdecambra.pt\/wp-content\/uploads\/2023\/03\/1-9-1024x576.jpg\" alt=\"\" class=\"wp-image-7939\" srcset=\"http:\/\/avozdecambra.pt\/wp-content\/uploads\/2023\/03\/1-9-1024x576.jpg 1024w, http:\/\/avozdecambra.pt\/wp-content\/uploads\/2023\/03\/1-9-300x169.jpg 300w, http:\/\/avozdecambra.pt\/wp-content\/uploads\/2023\/03\/1-9-768x432.jpg 768w, http:\/\/avozdecambra.pt\/wp-content\/uploads\/2023\/03\/1-9-150x84.jpg 150w, http:\/\/avozdecambra.pt\/wp-content\/uploads\/2023\/03\/1-9-450x253.jpg 450w, http:\/\/avozdecambra.pt\/wp-content\/uploads\/2023\/03\/1-9.jpg 1200w\" sizes=\"auto, (max-width: 1024px) 100vw, 1024px\" \/><\/figure>\n<\/figure>\n","protected":false},"excerpt":{"rendered":"<p>Vale de Cambra conta agora com um novo sal\u00e3o de cabeleireiro, barbearia, est\u00e9tica, beleza e bem-estar. \u201cAna Gomes Studio de Beleza\u201d abriu h\u00e1 cerca de meio ano, no centro da cidade, na Rua Camilo Castelo Branco e oferece um novo conceito no atendimento e na presta\u00e7\u00e3o de servi\u00e7os.&nbsp; \u00c0 frente do neg\u00f3cio est\u00e1 Ana Gomes,<\/p>\n","protected":false},"author":5,"featured_media":7934,"comment_status":"open","ping_status":"open","sticky":false,"template":"","format":"standard","meta":{"_monsterinsights_skip_tracking":false,"_monsterinsights_sitenote_active":false,"_monsterinsights_sitenote_note":"","_monsterinsights_sitenote_category":0,"footnotes":""},"categories":[1,20],"tags":[791],"class_list":{"0":"post-7933","1":"post","2":"type-post","3":"status-publish","4":"format-standard","5":"has-post-thumbnail","7":"category-atual","8":"category-publireportagem","9":"tag-ana-gomes-studio-de-beleza"},"aioseo_notices":[],"_links":{"self":[{"href":"http:\/\/avozdecambra.pt\/index.php?rest_route=\/wp\/v2\/posts\/7933","targetHints":{"allow":["GET"]}}],"collection":[{"href":"http:\/\/avozdecambra.pt\/index.php?rest_route=\/wp\/v2\/posts"}],"about":[{"href":"http:\/\/avozdecambra.pt\/index.php?rest_route=\/wp\/v2\/types\/post"}],"author":[{"embeddable":true,"href":"http:\/\/avozdecambra.pt\/index.php?rest_route=\/wp\/v2\/users\/5"}],"replies":[{"embeddable":true,"href":"http:\/\/avozdecambra.pt\/index.php?rest_route=%2Fwp%2Fv2%2Fcomments&post=7933"}],"version-history":[{"count":3,"href":"http:\/\/avozdecambra.pt\/index.php?rest_route=\/wp\/v2\/posts\/7933\/revisions"}],"predecessor-version":[{"id":7962,"href":"http:\/\/avozdecambra.pt\/index.php?rest_route=\/wp\/v2\/posts\/7933\/revisions\/7962"}],"wp:featuredmedia":[{"embeddable":true,"href":"http:\/\/avozdecambra.pt\/index.php?rest_route=\/wp\/v2\/media\/7934"}],"wp:attachment":[{"href":"http:\/\/avozdecambra.pt\/index.php?rest_route=%2Fwp%2Fv2%2Fmedia&parent=7933"}],"wp:term":[{"taxonomy":"category","embeddable":true,"href":"http:\/\/avozdecambra.pt\/index.php?rest_route=%2Fwp%2Fv2%2Fcategories&post=7933"},{"taxonomy":"post_tag","embeddable":true,"href":"http:\/\/avozdecambra.pt\/index.php?rest_route=%2Fwp%2Fv2%2Ftags&post=7933"}],"curies":[{"name":"wp","href":"https:\/\/api.w.org\/{rel}","templated":true}]}}