{"id":8004,"date":"2023-03-22T05:52:00","date_gmt":"2023-03-22T05:52:00","guid":{"rendered":"http:\/\/avozdecambra.pt\/?p=8004"},"modified":"2023-03-31T09:10:11","modified_gmt":"2023-03-31T09:10:11","slug":"municipio-de-vale-de-cambra-promove-nova-campanha-de-incentivo-ao-consumo-no-comercio-local","status":"publish","type":"post","link":"http:\/\/avozdecambra.pt\/?p=8004","title":{"rendered":"<strong>Munic\u00edpio de Vale de Cambra promove nova campanha de incentivo ao consumo no com\u00e9rcio local<\/strong>"},"content":{"rendered":"\n<p><strong>\u201cGanhar \u00e9 Comprar no Vale M\u00e1gico!&#8221; \u00e9 o lema da iniciativa, promovida pelo Munic\u00edpio de Vale de Cambra em articula\u00e7\u00e3o com os comerciantes concelhios que pretendam aderir \u00e0 campanha. A campanha decorre entre 17 de abril e 30 de junho e h\u00e1 pr\u00e9mios para os consumidores. <\/strong><\/p>\n\n\n\n<p>A Reuni\u00e3o de C\u00e2mara de 16 de mar\u00e7o permitiu a aprova\u00e7\u00e3o da proposta que consiste em: por cada compra efetuada no valor de 30\u20ac, nos estabelecimentos de com\u00e9rcio aderentes, com \u00e1rea de venda ao p\u00fablico inferior a 400 m2, o cliente ter\u00e1 direito a um cup\u00e3o, at\u00e9 ao m\u00e1ximo de quatro de cup\u00f5es por compra.&nbsp;<\/p>\n\n\n\n<p>A campanha destina-se a todos os estabelecimentos de com\u00e9rcio a retalho, tradicional e de proximidade, que estejam instalados no Concelho de Vale de Cambra. As inscri\u00e7\u00f5es dever\u00e3o ser feitas at\u00e9 31 de mar\u00e7o. <\/p>\n\n\n\n<p>Depois de realizada a avalia\u00e7\u00e3o \u201caltamente positiva\u201d, confirmou o Munic\u00edpio, da Campanha \u201cCompre no Vale M\u00e1gico &#8211; 2022\u201d, segue-se agora a \u201cGanhar \u00e9 Comprar no Vale M\u00e1gico\u201d, para dar continuidade a esta iniciativa e tamb\u00e9m atribuir cup\u00f5es a raspar, habilitando os consumidores, a ganhar pr\u00e9mios.&nbsp;<\/p>\n\n\n\n<p>As compras eleg\u00edveis para a campanha dever\u00e3o ser realizadas entre os dias 17 de abril e termina quando esgotarem os cup\u00f5es, sendo que ser\u00e3o em n\u00famero de 3.000 e os cup\u00f5es premiados devem ser utilizados entre os dias 17 de abril de 2023 e 30 de junho de 2023. Quanto aos estabelecimentos aderentes, devem aceitar os cup\u00f5es premiados como forma de pagamento total ou parcial, em compras de valor igual ou superior a 10\u20ac.<\/p>\n","protected":false},"excerpt":{"rendered":"<p>\u201cGanhar \u00e9 Comprar no Vale M\u00e1gico!&#8221; \u00e9 o lema da iniciativa, promovida pelo Munic\u00edpio de Vale de Cambra em articula\u00e7\u00e3o com os comerciantes concelhios que pretendam aderir \u00e0 campanha. A campanha decorre entre 17 de abril e 30 de junho e h\u00e1 pr\u00e9mios para os consumidores. A Reuni\u00e3o de C\u00e2mara de 16 de mar\u00e7o permitiu<\/p>\n","protected":false},"author":5,"featured_media":8005,"comment_status":"open","ping_status":"open","sticky":false,"template":"","format":"standard","meta":{"_monsterinsights_skip_tracking":false,"_monsterinsights_sitenote_active":false,"_monsterinsights_sitenote_note":"","_monsterinsights_sitenote_category":0,"footnotes":""},"categories":[585,1],"tags":[32,119],"class_list":{"0":"post-8004","1":"post","2":"type-post","3":"status-publish","4":"format-standard","5":"has-post-thumbnail","7":"category-agenda","8":"category-atual","9":"tag-camara-municipal-de-vale-de-cambra","10":"tag-comercio-local"},"aioseo_notices":[],"_links":{"self":[{"href":"http:\/\/avozdecambra.pt\/index.php?rest_route=\/wp\/v2\/posts\/8004","targetHints":{"allow":["GET"]}}],"collection":[{"href":"http:\/\/avozdecambra.pt\/index.php?rest_route=\/wp\/v2\/posts"}],"about":[{"href":"http:\/\/avozdecambra.pt\/index.php?rest_route=\/wp\/v2\/types\/post"}],"author":[{"embeddable":true,"href":"http:\/\/avozdecambra.pt\/index.php?rest_route=\/wp\/v2\/users\/5"}],"replies":[{"embeddable":true,"href":"http:\/\/avozdecambra.pt\/index.php?rest_route=%2Fwp%2Fv2%2Fcomments&post=8004"}],"version-history":[{"count":3,"href":"http:\/\/avozdecambra.pt\/index.php?rest_route=\/wp\/v2\/posts\/8004\/revisions"}],"predecessor-version":[{"id":8009,"href":"http:\/\/avozdecambra.pt\/index.php?rest_route=\/wp\/v2\/posts\/8004\/revisions\/8009"}],"wp:featuredmedia":[{"embeddable":true,"href":"http:\/\/avozdecambra.pt\/index.php?rest_route=\/wp\/v2\/media\/8005"}],"wp:attachment":[{"href":"http:\/\/avozdecambra.pt\/index.php?rest_route=%2Fwp%2Fv2%2Fmedia&parent=8004"}],"wp:term":[{"taxonomy":"category","embeddable":true,"href":"http:\/\/avozdecambra.pt\/index.php?rest_route=%2Fwp%2Fv2%2Fcategories&post=8004"},{"taxonomy":"post_tag","embeddable":true,"href":"http:\/\/avozdecambra.pt\/index.php?rest_route=%2Fwp%2Fv2%2Ftags&post=8004"}],"curies":[{"name":"wp","href":"https:\/\/api.w.org\/{rel}","templated":true}]}}