{"id":8016,"date":"2023-04-04T16:22:41","date_gmt":"2023-04-04T16:22:41","guid":{"rendered":"http:\/\/avozdecambra.pt\/?p=8016"},"modified":"2023-04-04T18:28:14","modified_gmt":"2023-04-04T18:28:14","slug":"baldios-da-felgueira-com-250-mil-euros-para-recuperar-e-rearborizar-areas-florestais-ate-final-do-ano","status":"publish","type":"post","link":"http:\/\/avozdecambra.pt\/?p=8016","title":{"rendered":"<strong>Baldios da Felgueira com 250 mil euros para <\/strong><strong>recuperar e rearborizar \u00e1reas florestais at\u00e9 final do ano<\/strong>"},"content":{"rendered":"\n<p><strong>A interven\u00e7\u00e3o vai beneficiar uma \u00e1rea de aproximadamente 160 ha nos baldios de Felgueira, freguesia de Ar\u00f5es, inseridos na Serra da Freita. Baldios de Paradu\u00e7a e Lomba tamb\u00e9m viram as suas candidaturas aprovadas para recuperar a \u00e1rea florestal.&nbsp;<\/strong><\/p>\n\n\n\n<p>Os baldios de Felgueira, na freguesia de Ar\u00f5es, v\u00e3o implementar o projeto de \u201cInterven\u00e7\u00f5es de Resili\u00eancia dos Territ\u00f3rios Face ao Risco\u201d, que consiste em recuperar, beneficiar e rearborizar esta \u00e1rea florestal, num investimento previsto de cerca de 250 mil euros, que foi anunciado \u00e0 popula\u00e7\u00e3o, este domingo.&nbsp;<\/p>\n\n\n\n<p>O conselho diretivo dos Baldios de Felgueira promoveu uma a\u00e7\u00e3o de sensibiliza\u00e7\u00e3o \u00e0 popula\u00e7\u00e3o para dar a conhecer a \u00e1rea de interven\u00e7\u00e3o do projeto, bem como a sua materializa\u00e7\u00e3o.&nbsp;<\/p>\n\n\n\n<p>Jos\u00e9 Ferreira, diretor dos Baldios de Felgueira, explicou o processo de candidatura ao projeto que foi desenvolvido no \u00e2mbito do objetivo espec\u00edfico \u201cApoio \u00e0 Transi\u00e7\u00e3o Clim\u00e1tica\u201d e na prioridade de investimento (PI) 13.1 \u201cPromo\u00e7\u00e3o da recupera\u00e7\u00e3o da crise no contexto da pandemia de COVID-19, e respetivas consequ\u00eancias sociais, e prepara\u00e7\u00e3o de uma recupera\u00e7\u00e3o ecol\u00f3gica, digital e resiliente da economia\u201d, do Programa Operacional Competitividade e Internacionaliza\u00e7\u00e3o (COMPETE 2020).&nbsp;<\/p>\n\n\n\n<p>A verba vai apoiar a 100% a\u00e7\u00f5es de arboriza\u00e7\u00e3o e de rearboriza\u00e7\u00e3o, regenera\u00e7\u00e3o natural, controlo de esp\u00e9cies invasoras lenhosas e de gest\u00e3o de combust\u00edvel. O objetivo \u00e9 reduzir as vulnerabilidades do territ\u00f3rio, nomeadamente a perigosidade de inc\u00eandio rural e contribuir para a maximiza\u00e7\u00e3o de bens e servi\u00e7os de ecossistemas e diversifica\u00e7\u00e3o e multifuncionalidade das \u00e1reas rurais florestais.<\/p>\n\n\n\n<hr class=\"wp-block-separator has-alpha-channel-opacity\"\/>\n\n\n\n<p><em>Leia a not\u00edcia na integra! Em breve nas bancas! <\/em><\/p>\n\n\n\n\n\n<p><\/p>\n","protected":false},"excerpt":{"rendered":"<p>A interven\u00e7\u00e3o vai beneficiar uma \u00e1rea de aproximadamente 160 ha nos baldios de Felgueira, freguesia de Ar\u00f5es, inseridos na Serra da Freita. Baldios de Paradu\u00e7a e Lomba tamb\u00e9m viram as suas candidaturas aprovadas para recuperar a \u00e1rea florestal.&nbsp; Os baldios de Felgueira, na freguesia de Ar\u00f5es, v\u00e3o implementar o projeto de \u201cInterven\u00e7\u00f5es de Resili\u00eancia dos<\/p>\n","protected":false},"author":5,"featured_media":8031,"comment_status":"open","ping_status":"open","sticky":false,"template":"","format":"standard","meta":{"_monsterinsights_skip_tracking":false,"_monsterinsights_sitenote_active":false,"_monsterinsights_sitenote_note":"","_monsterinsights_sitenote_category":0,"footnotes":""},"categories":[1,4],"tags":[112,796],"class_list":{"0":"post-8016","1":"post","2":"type-post","3":"status-publish","4":"format-standard","5":"has-post-thumbnail","7":"category-atual","8":"category-reportagem","9":"tag-aroes","10":"tag-baldios-da-felgueira"},"aioseo_notices":[],"_links":{"self":[{"href":"http:\/\/avozdecambra.pt\/index.php?rest_route=\/wp\/v2\/posts\/8016","targetHints":{"allow":["GET"]}}],"collection":[{"href":"http:\/\/avozdecambra.pt\/index.php?rest_route=\/wp\/v2\/posts"}],"about":[{"href":"http:\/\/avozdecambra.pt\/index.php?rest_route=\/wp\/v2\/types\/post"}],"author":[{"embeddable":true,"href":"http:\/\/avozdecambra.pt\/index.php?rest_route=\/wp\/v2\/users\/5"}],"replies":[{"embeddable":true,"href":"http:\/\/avozdecambra.pt\/index.php?rest_route=%2Fwp%2Fv2%2Fcomments&post=8016"}],"version-history":[{"count":2,"href":"http:\/\/avozdecambra.pt\/index.php?rest_route=\/wp\/v2\/posts\/8016\/revisions"}],"predecessor-version":[{"id":8032,"href":"http:\/\/avozdecambra.pt\/index.php?rest_route=\/wp\/v2\/posts\/8016\/revisions\/8032"}],"wp:featuredmedia":[{"embeddable":true,"href":"http:\/\/avozdecambra.pt\/index.php?rest_route=\/wp\/v2\/media\/8031"}],"wp:attachment":[{"href":"http:\/\/avozdecambra.pt\/index.php?rest_route=%2Fwp%2Fv2%2Fmedia&parent=8016"}],"wp:term":[{"taxonomy":"category","embeddable":true,"href":"http:\/\/avozdecambra.pt\/index.php?rest_route=%2Fwp%2Fv2%2Fcategories&post=8016"},{"taxonomy":"post_tag","embeddable":true,"href":"http:\/\/avozdecambra.pt\/index.php?rest_route=%2Fwp%2Fv2%2Ftags&post=8016"}],"curies":[{"name":"wp","href":"https:\/\/api.w.org\/{rel}","templated":true}]}}