{"id":83,"date":"2020-04-02T20:45:41","date_gmt":"2020-04-02T20:45:41","guid":{"rendered":"http:\/\/avozdecambra.pt\/?p=83"},"modified":"2020-04-05T23:25:08","modified_gmt":"2020-04-05T23:25:08","slug":"covid-19-vale-de-cambra-cria-zonas-de-apoio-com-55-camas","status":"publish","type":"post","link":"http:\/\/avozdecambra.pt\/?p=83","title":{"rendered":"COVID-19: Vale de Cambra cria zonas de apoio com 55 camas"},"content":{"rendered":"\n<p>A C\u00e2mara de Vale de Cambra criou uma zona de apoio de retaguarda no Centro de Alojamento\/Forma\u00e7\u00e3o da Senhora da Sa\u00fade, situado em Gestoso, S. Pedro de Castel\u00f5es, equipada com 28 camas, algumas delas em quarto individual, instala\u00e7\u00f5es sanit\u00e1rias com balne\u00e1rios e sistema de aquecimento central, que ser\u00e1 utilizada em caso de emerg\u00eancia no \u00e2mbito do combate \u00e0 COVID-19.<\/p>\n\n\n\n<p>Para al\u00e9m desta, ficar\u00e3o prontas, esta&nbsp;semana, mais duas instala\u00e7\u00f5es tempor\u00e1rias, uma no Centro Social de Junqueira e outra no Centro Social e Paroquial de S. Pedro de Castel\u00f5es, com capacidade para 27 camas, garantiu o presidente da C\u00e2mara de Vale de Cambra ao Voz de Cambra.<\/p>\n\n\n\n<p>No total s\u00e3o 55 camas, separas entre si com uma dist\u00e2ncia de dois metros dos outros utentes, em tr\u00eas espa\u00e7os que se destinam ao acolhimento de idosos provenientes dos lares do concelho, em caso de necessidade, revelou Jos\u00e9 Pinheiro.<\/p>\n\n\n\n<!--more-->\n\n\n\n<p>O Munic\u00edpio de Vale de Cambra aproveitou para agradecer \u00e0 Irmandade da Sra. da Sa\u00fade e aos Centros Sociais de Junqueira e S. Pedro de Castel\u00f5es pela ced\u00eancia dos espa\u00e7os e por todo o apoio prestado.<\/p>\n\n\n\n<p>Esta \u00e9 uma medida que antecipa o efeito que a pandemia COVID-19 pode causar nos grupos mais vulner\u00e1veis, nomeadamente nos idosos institucionalizados.<\/p>\n\n\n\n<p>O Plano de Conting\u00eancia Municipal &#8211; COVID 19, recentemente elaborado pela Autarquia, desenvolveu mecanismos para minimizar o impacto que se possa vir a sentir nessas comunidades e disponibiliza ainda mais oito camas para quarentena, que servir\u00e3o quem n\u00e3o tenha condi\u00e7\u00f5es para o fazer.<\/p>\n\n\n\n<p>O objetivo \u00e9 tamb\u00e9m dar resposta a situa\u00e7\u00f5es de emerg\u00eancia que possam surgir nas estruturas residenciais para idosos (lares) e para as quais a institui\u00e7\u00e3o que o gere n\u00e3o consiga dar resposta.<\/p>\n","protected":false},"excerpt":{"rendered":"<p>A C\u00e2mara de Vale de Cambra criou uma zona de apoio de retaguarda no Centro de Alojamento\/Forma\u00e7\u00e3o da Senhora da Sa\u00fade, situado em Gestoso, S. Pedro de Castel\u00f5es, equipada com 28 camas, algumas delas em quarto individual, instala\u00e7\u00f5es sanit\u00e1rias com balne\u00e1rios e sistema de aquecimento central, que ser\u00e1 utilizada em caso de emerg\u00eancia no \u00e2mbito<\/p>\n","protected":false},"author":1,"featured_media":84,"comment_status":"open","ping_status":"open","sticky":false,"template":"","format":"standard","meta":{"_monsterinsights_skip_tracking":false,"_monsterinsights_sitenote_active":false,"_monsterinsights_sitenote_note":"","_monsterinsights_sitenote_category":0,"footnotes":""},"categories":[2],"tags":[],"class_list":{"0":"post-83","1":"post","2":"type-post","3":"status-publish","4":"format-standard","5":"has-post-thumbnail","7":"category-foco"},"aioseo_notices":[],"_links":{"self":[{"href":"http:\/\/avozdecambra.pt\/index.php?rest_route=\/wp\/v2\/posts\/83","targetHints":{"allow":["GET"]}}],"collection":[{"href":"http:\/\/avozdecambra.pt\/index.php?rest_route=\/wp\/v2\/posts"}],"about":[{"href":"http:\/\/avozdecambra.pt\/index.php?rest_route=\/wp\/v2\/types\/post"}],"author":[{"embeddable":true,"href":"http:\/\/avozdecambra.pt\/index.php?rest_route=\/wp\/v2\/users\/1"}],"replies":[{"embeddable":true,"href":"http:\/\/avozdecambra.pt\/index.php?rest_route=%2Fwp%2Fv2%2Fcomments&post=83"}],"version-history":[{"count":2,"href":"http:\/\/avozdecambra.pt\/index.php?rest_route=\/wp\/v2\/posts\/83\/revisions"}],"predecessor-version":[{"id":90,"href":"http:\/\/avozdecambra.pt\/index.php?rest_route=\/wp\/v2\/posts\/83\/revisions\/90"}],"wp:featuredmedia":[{"embeddable":true,"href":"http:\/\/avozdecambra.pt\/index.php?rest_route=\/wp\/v2\/media\/84"}],"wp:attachment":[{"href":"http:\/\/avozdecambra.pt\/index.php?rest_route=%2Fwp%2Fv2%2Fmedia&parent=83"}],"wp:term":[{"taxonomy":"category","embeddable":true,"href":"http:\/\/avozdecambra.pt\/index.php?rest_route=%2Fwp%2Fv2%2Fcategories&post=83"},{"taxonomy":"post_tag","embeddable":true,"href":"http:\/\/avozdecambra.pt\/index.php?rest_route=%2Fwp%2Fv2%2Ftags&post=83"}],"curies":[{"name":"wp","href":"https:\/\/api.w.org\/{rel}","templated":true}]}}