{"id":8342,"date":"2023-05-09T11:04:18","date_gmt":"2023-05-09T11:04:18","guid":{"rendered":"http:\/\/avozdecambra.pt\/?p=8342"},"modified":"2023-05-09T11:05:40","modified_gmt":"2023-05-09T11:05:40","slug":"atraso-nas-obras-do-antigo-cinema-vale-de-cambra-luta-contra-o-tempo-para-nao-perder-financiamento-dos-fundos-europeus","status":"publish","type":"post","link":"http:\/\/avozdecambra.pt\/?p=8342","title":{"rendered":"<strong>Atraso nas obras do \u201cAntigo Cinema\u201d. Vale de Cambra luta contra o tempo para n\u00e3o perder financiamento dos fundos europeus&nbsp;<\/strong>"},"content":{"rendered":"\n<p><strong>As obras de constru\u00e7\u00e3o do edif\u00edcio do \u201cAntigo Cinema\u201d de Vale de Cambra, para ser transformado em Centro de Artes e Espet\u00e1culos, est\u00e3o atrasadas mais de um ano e, se n\u00e3o forem conclu\u00eddas at\u00e9 ao final de junho, arriscam perder financiamento europeu. A oposi\u00e7\u00e3o PSD e PS n\u00e3o concorda com a forma como o executivo CDS tem conduzido o processo e alerta para preju\u00edzo ao\u00a0er\u00e1rio p\u00fablico. C\u00e2mara reconhece atraso e espera que empreiteiro cumpra \u00faltimo prazo imposto &#8211; 31 de maio. \u00a0<\/strong><\/p>\n\n\n\n<p><em>Leia a not\u00edcia na integra no jornal impresso, edi\u00e7\u00e3o 1089 &#8211; J\u00e1 nas bancas!<\/em><\/p>\n","protected":false},"excerpt":{"rendered":"<p>As obras de constru\u00e7\u00e3o do edif\u00edcio do \u201cAntigo Cinema\u201d de Vale de Cambra, para ser transformado em Centro de Artes e Espet\u00e1culos, est\u00e3o atrasadas mais de um ano e, se n\u00e3o forem conclu\u00eddas at\u00e9 ao final de junho, arriscam perder financiamento europeu. A oposi\u00e7\u00e3o PSD e PS n\u00e3o concorda com a forma como o executivo<\/p>\n","protected":false},"author":5,"featured_media":8343,"comment_status":"open","ping_status":"open","sticky":false,"template":"","format":"standard","meta":{"_monsterinsights_skip_tracking":false,"_monsterinsights_sitenote_active":false,"_monsterinsights_sitenote_note":"","_monsterinsights_sitenote_category":0,"footnotes":""},"categories":[1],"tags":[641,816],"class_list":{"0":"post-8342","1":"post","2":"type-post","3":"status-publish","4":"format-standard","5":"has-post-thumbnail","7":"category-atual","8":"tag-antigo-cinema","9":"tag-centro-de-artes-e-espetaculos"},"aioseo_notices":[],"_links":{"self":[{"href":"http:\/\/avozdecambra.pt\/index.php?rest_route=\/wp\/v2\/posts\/8342","targetHints":{"allow":["GET"]}}],"collection":[{"href":"http:\/\/avozdecambra.pt\/index.php?rest_route=\/wp\/v2\/posts"}],"about":[{"href":"http:\/\/avozdecambra.pt\/index.php?rest_route=\/wp\/v2\/types\/post"}],"author":[{"embeddable":true,"href":"http:\/\/avozdecambra.pt\/index.php?rest_route=\/wp\/v2\/users\/5"}],"replies":[{"embeddable":true,"href":"http:\/\/avozdecambra.pt\/index.php?rest_route=%2Fwp%2Fv2%2Fcomments&post=8342"}],"version-history":[{"count":2,"href":"http:\/\/avozdecambra.pt\/index.php?rest_route=\/wp\/v2\/posts\/8342\/revisions"}],"predecessor-version":[{"id":8346,"href":"http:\/\/avozdecambra.pt\/index.php?rest_route=\/wp\/v2\/posts\/8342\/revisions\/8346"}],"wp:featuredmedia":[{"embeddable":true,"href":"http:\/\/avozdecambra.pt\/index.php?rest_route=\/wp\/v2\/media\/8343"}],"wp:attachment":[{"href":"http:\/\/avozdecambra.pt\/index.php?rest_route=%2Fwp%2Fv2%2Fmedia&parent=8342"}],"wp:term":[{"taxonomy":"category","embeddable":true,"href":"http:\/\/avozdecambra.pt\/index.php?rest_route=%2Fwp%2Fv2%2Fcategories&post=8342"},{"taxonomy":"post_tag","embeddable":true,"href":"http:\/\/avozdecambra.pt\/index.php?rest_route=%2Fwp%2Fv2%2Ftags&post=8342"}],"curies":[{"name":"wp","href":"https:\/\/api.w.org\/{rel}","templated":true}]}}