{"id":858,"date":"2020-06-17T10:34:53","date_gmt":"2020-06-17T10:34:53","guid":{"rendered":"http:\/\/avozdecambra.pt\/?p=858"},"modified":"2020-06-17T12:16:44","modified_gmt":"2020-06-17T12:16:44","slug":"road-trip-pela-en-227","status":"publish","type":"post","link":"http:\/\/avozdecambra.pt\/?p=858","title":{"rendered":"Road Trip pela EN 227"},"content":{"rendered":"\n<p class=\"has-text-color has-background has-very-dark-gray-color has-luminous-vivid-amber-background-color\"><strong>C| Vale de Cambra de L\u00e9s a L\u00e9s<\/strong> \u2014 roteiro #01<\/p>\n\n\n\n<figure class=\"wp-block-image size-large\"><img loading=\"lazy\" decoding=\"async\" width=\"1024\" height=\"662\" src=\"http:\/\/avozdecambra.pt\/wp-content\/uploads\/2020\/06\/les-1024x662.jpg\" alt=\"\" class=\"wp-image-862\" srcset=\"http:\/\/avozdecambra.pt\/wp-content\/uploads\/2020\/06\/les-1024x662.jpg 1024w, http:\/\/avozdecambra.pt\/wp-content\/uploads\/2020\/06\/les-300x194.jpg 300w, http:\/\/avozdecambra.pt\/wp-content\/uploads\/2020\/06\/les-768x496.jpg 768w, http:\/\/avozdecambra.pt\/wp-content\/uploads\/2020\/06\/les.jpg 1082w\" sizes=\"auto, (max-width: 1024px) 100vw, 1024px\" \/><\/figure>\n\n\n\n<blockquote class=\"wp-block-quote is-layout-flow wp-block-quote-is-layout-flow\"><p><em>J\u00e1 conhece Vale de Cambra? In\u00edcio esta rubrica com uma pergunta aos pr\u00f3prios valecambrenses, pois ou\u00e7o regularmente as pessoas a dizer que Vale de Cambra n\u00e3o tem nada para ver! Mas ser\u00e1 verdade ou simplesmente nunca olharam para a sua pr\u00f3pria terra, como quem vem de fora?! Esta rubrica pretende mudar essa perspectiva, dos valecambrenses sobre Vale de Cambra, com pequenos roteiros e sugest\u00f5es de visita, do vale para a serra, para que saiam \u00e0 descoberta da sua pr\u00f3pria terra.<\/em> \u2014 JOEL SANTOS<\/p><\/blockquote>\n\n\n\n<p><em>N\u00e3o perca a cr\u00f3nica de <strong>Joel Santos<\/strong>, guarde os roteiros e fique a conhecer a sua terra de uma forma \u00fanica e diferente.<\/em><\/p>\n","protected":false},"excerpt":{"rendered":"<p>C| Vale de Cambra de L\u00e9s a L\u00e9s \u2014 roteiro #01 J\u00e1 conhece Vale de Cambra? In\u00edcio esta rubrica com uma pergunta aos pr\u00f3prios valecambrenses, pois ou\u00e7o regularmente as pessoas a dizer que Vale de Cambra n\u00e3o tem nada para ver! Mas ser\u00e1 verdade ou simplesmente nunca olharam para a sua pr\u00f3pria terra, como quem<\/p>\n","protected":false},"author":1,"featured_media":859,"comment_status":"open","ping_status":"open","sticky":false,"template":"","format":"standard","meta":{"_monsterinsights_skip_tracking":false,"_monsterinsights_sitenote_active":false,"_monsterinsights_sitenote_note":"","_monsterinsights_sitenote_category":0,"footnotes":""},"categories":[6],"tags":[116,112,114,115,117,113],"class_list":{"0":"post-858","1":"post","2":"type-post","3":"status-publish","4":"format-standard","5":"has-post-thumbnail","7":"category-cronica","8":"tag-116","9":"tag-aroes","10":"tag-cronica","11":"tag-maio","12":"tag-roteiro01","13":"tag-turismo"},"aioseo_notices":[],"_links":{"self":[{"href":"http:\/\/avozdecambra.pt\/index.php?rest_route=\/wp\/v2\/posts\/858","targetHints":{"allow":["GET"]}}],"collection":[{"href":"http:\/\/avozdecambra.pt\/index.php?rest_route=\/wp\/v2\/posts"}],"about":[{"href":"http:\/\/avozdecambra.pt\/index.php?rest_route=\/wp\/v2\/types\/post"}],"author":[{"embeddable":true,"href":"http:\/\/avozdecambra.pt\/index.php?rest_route=\/wp\/v2\/users\/1"}],"replies":[{"embeddable":true,"href":"http:\/\/avozdecambra.pt\/index.php?rest_route=%2Fwp%2Fv2%2Fcomments&post=858"}],"version-history":[{"count":3,"href":"http:\/\/avozdecambra.pt\/index.php?rest_route=\/wp\/v2\/posts\/858\/revisions"}],"predecessor-version":[{"id":864,"href":"http:\/\/avozdecambra.pt\/index.php?rest_route=\/wp\/v2\/posts\/858\/revisions\/864"}],"wp:featuredmedia":[{"embeddable":true,"href":"http:\/\/avozdecambra.pt\/index.php?rest_route=\/wp\/v2\/media\/859"}],"wp:attachment":[{"href":"http:\/\/avozdecambra.pt\/index.php?rest_route=%2Fwp%2Fv2%2Fmedia&parent=858"}],"wp:term":[{"taxonomy":"category","embeddable":true,"href":"http:\/\/avozdecambra.pt\/index.php?rest_route=%2Fwp%2Fv2%2Fcategories&post=858"},{"taxonomy":"post_tag","embeddable":true,"href":"http:\/\/avozdecambra.pt\/index.php?rest_route=%2Fwp%2Fv2%2Ftags&post=858"}],"curies":[{"name":"wp","href":"https:\/\/api.w.org\/{rel}","templated":true}]}}