{"id":8586,"date":"2023-05-29T10:11:04","date_gmt":"2023-05-29T10:11:04","guid":{"rendered":"http:\/\/avozdecambra.pt\/?p=8586"},"modified":"2023-05-29T20:20:19","modified_gmt":"2023-05-29T20:20:19","slug":"e-se-tivesse-oportunidade-de-experimentar-hoquei","status":"publish","type":"post","link":"http:\/\/avozdecambra.pt\/?p=8586","title":{"rendered":"Crian\u00e7as do Centro Escolar do B\u00fazio vivem experi\u00eancia de patinar e jogar h\u00f3quei"},"content":{"rendered":"\n<p><strong>Esta foi a quest\u00e3o que o H\u00f3quei Acad\u00e9mico de Cambra &#8211; em parceira com a Associa\u00e7\u00e3o de Estudante do Agrupamento de Escolas de B\u00fazio &#8211; quis fazer aos alunos do 1\u00ba e 2\u00ba ano do Centro Escolar do B\u00fazio. A resposta foi positiva.<\/strong><\/p>\n\n\n\n<p>No dia 19 de maio, o Pavilh\u00e3o Municipal de Vale de Cambra recebeu dezenas de crian\u00e7as que muitos, pela primeira vez, andaram de patins, usaram um \u201cstick\u201d e dirigiram uma bola. &nbsp;<\/p>\n\n\n\n<p>A experi\u00eancia levou cinco turmas dos 1.\u00ba e 2.\u00ba ano do Centro Escolar do B\u00fazio ao campo do H\u00f3quei Acad\u00e9mico de Cambra (HAC), onde tiveram a oportunidade de realizar jogos entre si.&nbsp;<\/p>\n\n\n\n<p>Os \u201cpequenos aprendizes\u201d viveram momentos de aprendizagem, os quais o H\u00f3quei Acad\u00e9mico de Cambra, espera que sejam de gosto pela modalidade e, quem sabe, virem a ser os futuros atletas do HAC.&nbsp;<\/p>\n\n\n\n<p>A iniciativa foi organizada pelo HAC, em parceria com a Associa\u00e7\u00e3o de Estudantes do Agrupamento de Escolas de B\u00fazio.\u00a0<\/p>\n\n\n\n<p>Para aqueles que ficaram ou interessados em ingressar na modalidade, o H\u00f3quei Acad\u00e9mica de Cambra convida a todos para virem aprender a jogar h\u00f3quei \u00e0s segundas e quartas , das 17h45 \u00e0s 19h e, aos s\u00e1bados, das 11h30 \u00e0s 12h45. <\/p>\n\n\n\n<figure class=\"wp-block-image size-large is-resized\"><img loading=\"lazy\" decoding=\"async\" src=\"http:\/\/avozdecambra.pt\/wp-content\/uploads\/2023\/05\/hac2-1024x576.jpg\" alt=\"\" class=\"wp-image-8588\" width=\"780\" height=\"438\" srcset=\"http:\/\/avozdecambra.pt\/wp-content\/uploads\/2023\/05\/hac2-1024x576.jpg 1024w, http:\/\/avozdecambra.pt\/wp-content\/uploads\/2023\/05\/hac2-300x169.jpg 300w, http:\/\/avozdecambra.pt\/wp-content\/uploads\/2023\/05\/hac2-768x432.jpg 768w, http:\/\/avozdecambra.pt\/wp-content\/uploads\/2023\/05\/hac2-150x84.jpg 150w, http:\/\/avozdecambra.pt\/wp-content\/uploads\/2023\/05\/hac2-450x253.jpg 450w, http:\/\/avozdecambra.pt\/wp-content\/uploads\/2023\/05\/hac2.jpg 1200w\" sizes=\"auto, (max-width: 780px) 100vw, 780px\" \/><\/figure>\n\n\n\n<figure class=\"wp-block-image size-large\"><img loading=\"lazy\" decoding=\"async\" width=\"1024\" height=\"357\" src=\"http:\/\/avozdecambra.pt\/wp-content\/uploads\/2023\/05\/hac3-1024x357.jpg\" alt=\"\" class=\"wp-image-8589\" srcset=\"http:\/\/avozdecambra.pt\/wp-content\/uploads\/2023\/05\/hac3-1024x357.jpg 1024w, http:\/\/avozdecambra.pt\/wp-content\/uploads\/2023\/05\/hac3-300x105.jpg 300w, http:\/\/avozdecambra.pt\/wp-content\/uploads\/2023\/05\/hac3-768x268.jpg 768w, http:\/\/avozdecambra.pt\/wp-content\/uploads\/2023\/05\/hac3-1536x536.jpg 1536w, http:\/\/avozdecambra.pt\/wp-content\/uploads\/2023\/05\/hac3-150x52.jpg 150w, http:\/\/avozdecambra.pt\/wp-content\/uploads\/2023\/05\/hac3-450x157.jpg 450w, http:\/\/avozdecambra.pt\/wp-content\/uploads\/2023\/05\/hac3-1200x418.jpg 1200w, http:\/\/avozdecambra.pt\/wp-content\/uploads\/2023\/05\/hac3.jpg 2048w\" sizes=\"auto, (max-width: 1024px) 100vw, 1024px\" \/><\/figure>\n\n\n\n<figure class=\"wp-block-image size-large\"><img loading=\"lazy\" decoding=\"async\" width=\"1024\" height=\"576\" src=\"http:\/\/avozdecambra.pt\/wp-content\/uploads\/2023\/05\/hac4-1024x576.jpg\" alt=\"\" class=\"wp-image-8590\" srcset=\"http:\/\/avozdecambra.pt\/wp-content\/uploads\/2023\/05\/hac4-1024x576.jpg 1024w, http:\/\/avozdecambra.pt\/wp-content\/uploads\/2023\/05\/hac4-300x169.jpg 300w, http:\/\/avozdecambra.pt\/wp-content\/uploads\/2023\/05\/hac4-768x432.jpg 768w, http:\/\/avozdecambra.pt\/wp-content\/uploads\/2023\/05\/hac4-150x84.jpg 150w, http:\/\/avozdecambra.pt\/wp-content\/uploads\/2023\/05\/hac4-450x253.jpg 450w, http:\/\/avozdecambra.pt\/wp-content\/uploads\/2023\/05\/hac4.jpg 1200w\" sizes=\"auto, (max-width: 1024px) 100vw, 1024px\" \/><\/figure>\n","protected":false},"excerpt":{"rendered":"<p>Esta foi a quest\u00e3o que o H\u00f3quei Acad\u00e9mico de Cambra &#8211; em parceira com a Associa\u00e7\u00e3o de Estudante do Agrupamento de Escolas de B\u00fazio &#8211; quis fazer aos alunos do 1\u00ba e 2\u00ba ano do Centro Escolar do B\u00fazio. A resposta foi positiva. No dia 19 de maio, o Pavilh\u00e3o Municipal de Vale de Cambra<\/p>\n","protected":false},"author":5,"featured_media":8587,"comment_status":"open","ping_status":"open","sticky":false,"template":"","format":"standard","meta":{"_monsterinsights_skip_tracking":false,"_monsterinsights_sitenote_active":false,"_monsterinsights_sitenote_note":"","_monsterinsights_sitenote_category":0,"footnotes":""},"categories":[1,5],"tags":[844,180],"class_list":{"0":"post-8586","1":"post","2":"type-post","3":"status-publish","4":"format-standard","5":"has-post-thumbnail","7":"category-atual","8":"category-desporto","9":"tag-associacao-de-estudantes-do-agrupamento-de-escolas-do-buzio","10":"tag-hoquei-academico-de-cambra"},"aioseo_notices":[],"_links":{"self":[{"href":"http:\/\/avozdecambra.pt\/index.php?rest_route=\/wp\/v2\/posts\/8586","targetHints":{"allow":["GET"]}}],"collection":[{"href":"http:\/\/avozdecambra.pt\/index.php?rest_route=\/wp\/v2\/posts"}],"about":[{"href":"http:\/\/avozdecambra.pt\/index.php?rest_route=\/wp\/v2\/types\/post"}],"author":[{"embeddable":true,"href":"http:\/\/avozdecambra.pt\/index.php?rest_route=\/wp\/v2\/users\/5"}],"replies":[{"embeddable":true,"href":"http:\/\/avozdecambra.pt\/index.php?rest_route=%2Fwp%2Fv2%2Fcomments&post=8586"}],"version-history":[{"count":5,"href":"http:\/\/avozdecambra.pt\/index.php?rest_route=\/wp\/v2\/posts\/8586\/revisions"}],"predecessor-version":[{"id":8599,"href":"http:\/\/avozdecambra.pt\/index.php?rest_route=\/wp\/v2\/posts\/8586\/revisions\/8599"}],"wp:featuredmedia":[{"embeddable":true,"href":"http:\/\/avozdecambra.pt\/index.php?rest_route=\/wp\/v2\/media\/8587"}],"wp:attachment":[{"href":"http:\/\/avozdecambra.pt\/index.php?rest_route=%2Fwp%2Fv2%2Fmedia&parent=8586"}],"wp:term":[{"taxonomy":"category","embeddable":true,"href":"http:\/\/avozdecambra.pt\/index.php?rest_route=%2Fwp%2Fv2%2Fcategories&post=8586"},{"taxonomy":"post_tag","embeddable":true,"href":"http:\/\/avozdecambra.pt\/index.php?rest_route=%2Fwp%2Fv2%2Ftags&post=8586"}],"curies":[{"name":"wp","href":"https:\/\/api.w.org\/{rel}","templated":true}]}}