{"id":8822,"date":"2023-07-03T22:02:39","date_gmt":"2023-07-03T22:02:39","guid":{"rendered":"http:\/\/avozdecambra.pt\/?p=8822"},"modified":"2023-07-04T15:10:47","modified_gmt":"2023-07-04T15:10:47","slug":"ds-seguros-chegou-a-vale-de-cambra-a-seguradora-que-garante-aconselhamento-gratuito-a-particulares-e-empresas","status":"publish","type":"post","link":"http:\/\/avozdecambra.pt\/?p=8822","title":{"rendered":"DS Seguros. Chegou a Vale de Cambra a ag\u00eancia que garante aconselhamento gratuito a particulares e empresas"},"content":{"rendered":"\n<p><strong>A abertura da DS Seguros na cidade de Vale de Cambra aconteceu no dia 19 de junho e diferencia-se atrav\u00e9s do aconselhamento personalizado, independente e gratuito de particulares e empresas na \u00e1rea da media\u00e7\u00e3o de seguros.<\/strong><\/p>\n\n\n\n<p>Est\u00e1 situada na Estrada da Adega Cooperativa, nas instala\u00e7\u00f5es cont\u00edguas \u00e0 Oficina Tavares Auto, em Macieira de Cambra. A DS Seguros Vale de Cambra abriu ao p\u00fablico este m\u00eas para prestar um servi\u00e7o de aconselhamento personalizado, independente e gratuito para particulares e empresas.\u00a0<\/p>\n\n\n\n<p>A DS Seguros Vale de Cambra \u00e9 liderada pelo diretor Pedro Tavares, que tem j\u00e1 uma d\u00e9cada de  experi\u00eancia na media\u00e7\u00e3o de seguros, oferecendo um servi\u00e7o personalizado. Pretende agora apresentar uma maior oferta aos seus clientes, uma vez que vai trabalhar em simult\u00e2neo com praticamente todas as companhias de seguros a atuar no pa\u00eds e beneficiar das melhores condi\u00e7\u00f5es do mercado.<\/p>\n\n\n\n<p>O evento aconteceu no dia 19 de junho e contou com a presen\u00e7a do presidente da junta de freguesia de S\u00e3o Pedro de Castel\u00f5es, S\u00e9rgio Soares, de Luis Tavares e Manuela Moreira, diretor coordenador nacional e coordenadora regional da DS Seguros, respetivamente, bem como de representantes das v\u00e1rias seguradoras parceiras, familiares e amigos do diretor da ag\u00eancia.&nbsp;<\/p>\n\n\n\n<p>Para Pedro Tavares, que j\u00e1 lidera o neg\u00f3cio de manuten\u00e7\u00e3o e repara\u00e7\u00e3o autom\u00f3vel h\u00e1 v\u00e1rios anos, a abertura da DS Seguros Vale de Cambra representa uma mais valia na presta\u00e7\u00e3o de um servi\u00e7o especializado, profissional e isento \u00e0s fam\u00edlias e empresas valecambrenses, de forma a reduzir os seus encargos com os seguros e a adequar as coberturas dos mesmos \u00e0s suas reais necessidades\u201d, salientou.&nbsp;<\/p>\n\n\n\n<p>O diretor pretende com isso, conseguir que os seus clientes poupem centenas e at\u00e9 milhares de euros por ano no montante que pagam pelos seus seguros.<\/p>\n\n\n\n<p>A ag\u00eancia de Vale de Cambra encontra-se agora em fase de recrutamento para consultores de seguros. <\/p>\n\n\n\n<p>A DS Seguros pertence ao grupo Decis\u00f5es e Solu\u00e7\u00f5es, um dos maiores grupos nacionais que conta com mais de 19 anos de atividade e que at\u00e9 hoje ajudou mais de 300.000 clientes a poupar significativamente no valor dos seguros.&nbsp;<\/p>\n\n\n\n<p>A DS Seguros Vale de Cambra aguarda a sua visita!&nbsp;Agende por aqui a sua visita: 910 498 026; valedecambra@dsseguros.pt<\/p>\n\n\n\n<hr class=\"wp-block-separator has-alpha-channel-opacity\"\/>\n\n\n\n<figure class=\"wp-block-image size-large\"><img loading=\"lazy\" decoding=\"async\" width=\"1024\" height=\"550\" src=\"http:\/\/avozdecambra.pt\/wp-content\/uploads\/2023\/07\/ds-4a-1024x550.jpg\" alt=\"\" class=\"wp-image-8823\" srcset=\"http:\/\/avozdecambra.pt\/wp-content\/uploads\/2023\/07\/ds-4a-1024x550.jpg 1024w, http:\/\/avozdecambra.pt\/wp-content\/uploads\/2023\/07\/ds-4a-300x161.jpg 300w, http:\/\/avozdecambra.pt\/wp-content\/uploads\/2023\/07\/ds-4a-768x413.jpg 768w, http:\/\/avozdecambra.pt\/wp-content\/uploads\/2023\/07\/ds-4a-150x81.jpg 150w, http:\/\/avozdecambra.pt\/wp-content\/uploads\/2023\/07\/ds-4a-450x242.jpg 450w, http:\/\/avozdecambra.pt\/wp-content\/uploads\/2023\/07\/ds-4a.jpg 1200w\" sizes=\"auto, (max-width: 1024px) 100vw, 1024px\" \/><\/figure>\n\n\n\n<figure class=\"wp-block-image size-large\"><img loading=\"lazy\" decoding=\"async\" width=\"1024\" height=\"550\" src=\"http:\/\/avozdecambra.pt\/wp-content\/uploads\/2023\/07\/ds-seguros-2a-1024x550.jpg\" alt=\"\" class=\"wp-image-8824\" srcset=\"http:\/\/avozdecambra.pt\/wp-content\/uploads\/2023\/07\/ds-seguros-2a-1024x550.jpg 1024w, http:\/\/avozdecambra.pt\/wp-content\/uploads\/2023\/07\/ds-seguros-2a-300x161.jpg 300w, http:\/\/avozdecambra.pt\/wp-content\/uploads\/2023\/07\/ds-seguros-2a-768x413.jpg 768w, http:\/\/avozdecambra.pt\/wp-content\/uploads\/2023\/07\/ds-seguros-2a-150x81.jpg 150w, http:\/\/avozdecambra.pt\/wp-content\/uploads\/2023\/07\/ds-seguros-2a-450x242.jpg 450w, http:\/\/avozdecambra.pt\/wp-content\/uploads\/2023\/07\/ds-seguros-2a.jpg 1200w\" sizes=\"auto, (max-width: 1024px) 100vw, 1024px\" \/><\/figure>\n\n\n\n<figure class=\"wp-block-image size-large\"><img loading=\"lazy\" decoding=\"async\" width=\"1024\" height=\"550\" src=\"http:\/\/avozdecambra.pt\/wp-content\/uploads\/2023\/07\/ds-5a-1024x550.jpg\" alt=\"\" class=\"wp-image-8825\" srcset=\"http:\/\/avozdecambra.pt\/wp-content\/uploads\/2023\/07\/ds-5a-1024x550.jpg 1024w, http:\/\/avozdecambra.pt\/wp-content\/uploads\/2023\/07\/ds-5a-300x161.jpg 300w, http:\/\/avozdecambra.pt\/wp-content\/uploads\/2023\/07\/ds-5a-768x413.jpg 768w, http:\/\/avozdecambra.pt\/wp-content\/uploads\/2023\/07\/ds-5a-150x81.jpg 150w, http:\/\/avozdecambra.pt\/wp-content\/uploads\/2023\/07\/ds-5a-450x242.jpg 450w, http:\/\/avozdecambra.pt\/wp-content\/uploads\/2023\/07\/ds-5a.jpg 1200w\" sizes=\"auto, (max-width: 1024px) 100vw, 1024px\" \/><\/figure>\n","protected":false},"excerpt":{"rendered":"<p>A abertura da DS Seguros na cidade de Vale de Cambra aconteceu no dia 19 de junho e diferencia-se atrav\u00e9s do aconselhamento personalizado, independente e gratuito de particulares e empresas na \u00e1rea da media\u00e7\u00e3o de seguros. Est\u00e1 situada na Estrada da Adega Cooperativa, nas instala\u00e7\u00f5es cont\u00edguas \u00e0 Oficina Tavares Auto, em Macieira de Cambra. A<\/p>\n","protected":false},"author":5,"featured_media":8826,"comment_status":"open","ping_status":"open","sticky":false,"template":"","format":"standard","meta":{"_monsterinsights_skip_tracking":false,"_monsterinsights_sitenote_active":false,"_monsterinsights_sitenote_note":"","_monsterinsights_sitenote_category":0,"footnotes":""},"categories":[1,20],"tags":[861],"class_list":{"0":"post-8822","1":"post","2":"type-post","3":"status-publish","4":"format-standard","5":"has-post-thumbnail","7":"category-atual","8":"category-publireportagem","9":"tag-ds-seguros-vale-de-cambra"},"aioseo_notices":[],"_links":{"self":[{"href":"http:\/\/avozdecambra.pt\/index.php?rest_route=\/wp\/v2\/posts\/8822","targetHints":{"allow":["GET"]}}],"collection":[{"href":"http:\/\/avozdecambra.pt\/index.php?rest_route=\/wp\/v2\/posts"}],"about":[{"href":"http:\/\/avozdecambra.pt\/index.php?rest_route=\/wp\/v2\/types\/post"}],"author":[{"embeddable":true,"href":"http:\/\/avozdecambra.pt\/index.php?rest_route=\/wp\/v2\/users\/5"}],"replies":[{"embeddable":true,"href":"http:\/\/avozdecambra.pt\/index.php?rest_route=%2Fwp%2Fv2%2Fcomments&post=8822"}],"version-history":[{"count":10,"href":"http:\/\/avozdecambra.pt\/index.php?rest_route=\/wp\/v2\/posts\/8822\/revisions"}],"predecessor-version":[{"id":8845,"href":"http:\/\/avozdecambra.pt\/index.php?rest_route=\/wp\/v2\/posts\/8822\/revisions\/8845"}],"wp:featuredmedia":[{"embeddable":true,"href":"http:\/\/avozdecambra.pt\/index.php?rest_route=\/wp\/v2\/media\/8826"}],"wp:attachment":[{"href":"http:\/\/avozdecambra.pt\/index.php?rest_route=%2Fwp%2Fv2%2Fmedia&parent=8822"}],"wp:term":[{"taxonomy":"category","embeddable":true,"href":"http:\/\/avozdecambra.pt\/index.php?rest_route=%2Fwp%2Fv2%2Fcategories&post=8822"},{"taxonomy":"post_tag","embeddable":true,"href":"http:\/\/avozdecambra.pt\/index.php?rest_route=%2Fwp%2Fv2%2Ftags&post=8822"}],"curies":[{"name":"wp","href":"https:\/\/api.w.org\/{rel}","templated":true}]}}