{"id":892,"date":"2020-06-26T08:48:12","date_gmt":"2020-06-26T08:48:12","guid":{"rendered":"http:\/\/avozdecambra.pt\/?p=892"},"modified":"2020-06-26T08:52:44","modified_gmt":"2020-06-26T08:52:44","slug":"piscinas-municipais-exteriores-de-vale-de-cambra-abrem-amanha-com-taxa-de-ocupacao-ate-360-utentes","status":"publish","type":"post","link":"http:\/\/avozdecambra.pt\/?p=892","title":{"rendered":"Piscinas Municipais Exteriores de Vale de Cambra abrem amanh\u00e3 com taxa de ocupa\u00e7\u00e3o m\u00e1xima de 360 utentes"},"content":{"rendered":"\n<p><strong>As Piscinas Municipais descobertas de Vale de Cambra abrem amanh\u00e3 ao p\u00fablico, dia 27 de junho, com taxa de ocupa\u00e7\u00e3o baixa at\u00e9 106 utentes (verde), ocupa\u00e7\u00e3o elevada superior a 107 utentes (amarelo) e ocupa\u00e7\u00e3o plena at\u00e9 320 utentes (vermelho), em fun\u00e7\u00e3o do distanciamento inter individual entre utilizadores, grupos de utilizadores e grupo de funcion\u00e1rios de servi\u00e7o. &nbsp;<\/strong><\/p>\n\n\n\n<p>A instru\u00e7\u00e3o t\u00e9cnica elaborada pela C\u00e2mara Municipal de Vale de Cambra para o efeito pode ser conhecida na integra em <a href=\"https:\/\/www.cm-valedecambra.pt\/cmvalecambra\/uploads\/writer_file\/document\/796\/plano_retoma_piscinas_descobertas_covid19__1_.pdf?fbclid=IwAR3Z5Y-6uYXIfSIfVaQr_-kJVStoZ87YkL0ZjunoyToBkV_GMDYPwynOKIU\">https:\/\/www.cm-valedecambra.pt\/cmvalecambra\/uploads\/writer_file\/document\/796\/plano_retoma_piscinas_descobertas_covid19__1_.pdf?fbclid=IwAR3Z5Y-6uYXIfSIfVaQr_-kJVStoZ87YkL0ZjunoyToBkV_GMDYPwynOKIU<\/a> e pretende garantir as boas pr\u00e1ticas de higiene e seguran\u00e7a dos utilizadores neste espa\u00e7o muito procurado nesta altura do ano.&nbsp;<\/p>\n\n\n\n<p>A coloca\u00e7\u00e3o da indica\u00e7\u00e3o da ocupa\u00e7\u00e3o \u00e9 da responsabilidade dos funcion\u00e1rias da secretaria, tendo em conta o n\u00famero de entradas e sa\u00eddas registadas.<\/p>\n\n\n\n<p><em>Conhe\u00e7a melhor estas regras e condi\u00e7\u00f5es na integra na pr\u00f3xima edi\u00e7\u00e3o deste jornal em papel.<\/em><\/p>\n\n\n\n<p><em>Seja assinante do \u00fanico jornal da sua Terra!<\/em><\/p>\n","protected":false},"excerpt":{"rendered":"<p>As Piscinas Municipais descobertas de Vale de Cambra abrem amanh\u00e3 ao p\u00fablico, dia 27 de junho, com taxa de ocupa\u00e7\u00e3o baixa at\u00e9 106 utentes (verde), ocupa\u00e7\u00e3o elevada superior a 107 utentes (amarelo) e ocupa\u00e7\u00e3o plena at\u00e9 320 utentes (vermelho), em fun\u00e7\u00e3o do distanciamento inter individual entre utilizadores, grupos de utilizadores e grupo de funcion\u00e1rios de<\/p>\n","protected":false},"author":5,"featured_media":893,"comment_status":"open","ping_status":"open","sticky":false,"template":"","format":"standard","meta":{"_monsterinsights_skip_tracking":false,"_monsterinsights_sitenote_active":false,"_monsterinsights_sitenote_note":"","_monsterinsights_sitenote_category":0,"footnotes":""},"categories":[1],"tags":[127],"class_list":{"0":"post-892","1":"post","2":"type-post","3":"status-publish","4":"format-standard","5":"has-post-thumbnail","7":"category-atual","8":"tag-piscinas-municipais-de-vale-de-cambra"},"aioseo_notices":[],"_links":{"self":[{"href":"http:\/\/avozdecambra.pt\/index.php?rest_route=\/wp\/v2\/posts\/892","targetHints":{"allow":["GET"]}}],"collection":[{"href":"http:\/\/avozdecambra.pt\/index.php?rest_route=\/wp\/v2\/posts"}],"about":[{"href":"http:\/\/avozdecambra.pt\/index.php?rest_route=\/wp\/v2\/types\/post"}],"author":[{"embeddable":true,"href":"http:\/\/avozdecambra.pt\/index.php?rest_route=\/wp\/v2\/users\/5"}],"replies":[{"embeddable":true,"href":"http:\/\/avozdecambra.pt\/index.php?rest_route=%2Fwp%2Fv2%2Fcomments&post=892"}],"version-history":[{"count":5,"href":"http:\/\/avozdecambra.pt\/index.php?rest_route=\/wp\/v2\/posts\/892\/revisions"}],"predecessor-version":[{"id":898,"href":"http:\/\/avozdecambra.pt\/index.php?rest_route=\/wp\/v2\/posts\/892\/revisions\/898"}],"wp:featuredmedia":[{"embeddable":true,"href":"http:\/\/avozdecambra.pt\/index.php?rest_route=\/wp\/v2\/media\/893"}],"wp:attachment":[{"href":"http:\/\/avozdecambra.pt\/index.php?rest_route=%2Fwp%2Fv2%2Fmedia&parent=892"}],"wp:term":[{"taxonomy":"category","embeddable":true,"href":"http:\/\/avozdecambra.pt\/index.php?rest_route=%2Fwp%2Fv2%2Fcategories&post=892"},{"taxonomy":"post_tag","embeddable":true,"href":"http:\/\/avozdecambra.pt\/index.php?rest_route=%2Fwp%2Fv2%2Ftags&post=892"}],"curies":[{"name":"wp","href":"https:\/\/api.w.org\/{rel}","templated":true}]}}