{"id":8999,"date":"2023-07-24T14:50:18","date_gmt":"2023-07-24T14:50:18","guid":{"rendered":"http:\/\/avozdecambra.pt\/?p=8999"},"modified":"2023-07-24T18:27:47","modified_gmt":"2023-07-24T18:27:47","slug":"acr-de-vale-de-cambra-tem-nova-direcao","status":"publish","type":"post","link":"http:\/\/avozdecambra.pt\/?p=8999","title":{"rendered":"ACR de Vale de Cambra tem nova dire\u00e7\u00e3o\u00a0"},"content":{"rendered":"\n<p><strong>Depois de um ano sem dire\u00e7\u00e3o, a Associa\u00e7\u00e3o Cultural e Recreativa (ACR) de Vale de Cambra, elegeu uma nova equipa para o bi\u00e9nio 2023-2025. Atualmente, a coletividade acolhe quatro modalidades com mais de duas centenas de jovens.\u00a0<\/strong><\/p>\n\n\n\n<p>A tomada de posse dos novos \u00f3rg\u00e3os da dire\u00e7\u00e3o da Associa\u00e7\u00e3o Cultural e Recreativa (ACR) de Vale de Cambra para o bi\u00e9nio 2023-2025, realizou-se no dia 24 de junho e elegeu como presidente Tiago Coelho.&nbsp;<\/p>\n\n\n\n<p>Tiago Coelho j\u00e1 era associado e vai agora passar a liderar os destinos de uma das associa\u00e7\u00f5es que mais jovens tem a praticar desporto no concelho.&nbsp;<\/p>\n\n\n\n<p>Futsal, Basquetebol, Atletismo e, mais recentemente, o Xadrez, s\u00e3o as modalidades que a ACR acolhe atualmente com mais de duas centenas de jovens praticantes. A coletividade tem sede pr\u00f3pria, recentemente reabilitada e tem ainda para oferecer um anfiteatro, gin\u00e1sio, salas tem\u00e1ticas e servi\u00e7o de bar.<\/p>\n\n\n\n<p>O novo presidente, Tiago Coelho vai estar acompanhado com os vice-presidentes: Arm\u00e9nio Fernandes, Manuel Pinho e Jorge Sousa. Como presidente da mesa da Assembleia est\u00e1 Ad\u00e9rito Campos, como secret\u00e1ria, Ana Rita, como tesoureiro, Jos\u00e9 Luis e vogais: Pedro Soares, Carlos Tavares e Armando Oliveira.&nbsp;<\/p>\n\n\n\n<p>Depois de n\u00e3o haver nenhuma lista candidata \u00e0 dire\u00e7\u00e3o nestes \u00faltimos tempos, Manuel Pinho, que j\u00e1 tinha ocupado fun\u00e7\u00f5es de presidente, assumiu at\u00e9 aqui &#8211; e com a sua equipa da comiss\u00e3o administrativa &#8211; a gest\u00e3o corrente da ACR de Vale de Cambra. A Associa\u00e7\u00e3o ganha agora novos elementos que pretendem continuar a contribuir para um tecido associativo desportivo, cultural e social din\u00e2mico no concelho.\u00a0<\/p>\n\n\n\n<p>A ACR est\u00e1 h\u00e1 mais de 40 anos ao servi\u00e7o da juventude e da comunidade e pretende continuar ativa no desenvolvimento de atividades desportivas, culturais e l\u00fadicas.<\/p>\n\n\n\n<p><em>Leia a not\u00edcia na integra no jornal impresso! Em breve nas bancas!<\/em><\/p>\n","protected":false},"excerpt":{"rendered":"<p>Depois de um ano sem dire\u00e7\u00e3o, a Associa\u00e7\u00e3o Cultural e Recreativa (ACR) de Vale de Cambra, elegeu uma nova equipa para o bi\u00e9nio 2023-2025. Atualmente, a coletividade acolhe quatro modalidades com mais de duas centenas de jovens.\u00a0 A tomada de posse dos novos \u00f3rg\u00e3os da dire\u00e7\u00e3o da Associa\u00e7\u00e3o Cultural e Recreativa (ACR) de Vale de<\/p>\n","protected":false},"author":5,"featured_media":9003,"comment_status":"open","ping_status":"open","sticky":false,"template":"","format":"standard","meta":{"_monsterinsights_skip_tracking":false,"_monsterinsights_sitenote_active":false,"_monsterinsights_sitenote_note":"","_monsterinsights_sitenote_category":0,"footnotes":""},"categories":[1,5],"tags":[521],"class_list":{"0":"post-8999","1":"post","2":"type-post","3":"status-publish","4":"format-standard","5":"has-post-thumbnail","7":"category-atual","8":"category-desporto","9":"tag-acr-vale-de-cambra"},"aioseo_notices":[],"_links":{"self":[{"href":"http:\/\/avozdecambra.pt\/index.php?rest_route=\/wp\/v2\/posts\/8999","targetHints":{"allow":["GET"]}}],"collection":[{"href":"http:\/\/avozdecambra.pt\/index.php?rest_route=\/wp\/v2\/posts"}],"about":[{"href":"http:\/\/avozdecambra.pt\/index.php?rest_route=\/wp\/v2\/types\/post"}],"author":[{"embeddable":true,"href":"http:\/\/avozdecambra.pt\/index.php?rest_route=\/wp\/v2\/users\/5"}],"replies":[{"embeddable":true,"href":"http:\/\/avozdecambra.pt\/index.php?rest_route=%2Fwp%2Fv2%2Fcomments&post=8999"}],"version-history":[{"count":4,"href":"http:\/\/avozdecambra.pt\/index.php?rest_route=\/wp\/v2\/posts\/8999\/revisions"}],"predecessor-version":[{"id":9007,"href":"http:\/\/avozdecambra.pt\/index.php?rest_route=\/wp\/v2\/posts\/8999\/revisions\/9007"}],"wp:featuredmedia":[{"embeddable":true,"href":"http:\/\/avozdecambra.pt\/index.php?rest_route=\/wp\/v2\/media\/9003"}],"wp:attachment":[{"href":"http:\/\/avozdecambra.pt\/index.php?rest_route=%2Fwp%2Fv2%2Fmedia&parent=8999"}],"wp:term":[{"taxonomy":"category","embeddable":true,"href":"http:\/\/avozdecambra.pt\/index.php?rest_route=%2Fwp%2Fv2%2Fcategories&post=8999"},{"taxonomy":"post_tag","embeddable":true,"href":"http:\/\/avozdecambra.pt\/index.php?rest_route=%2Fwp%2Fv2%2Ftags&post=8999"}],"curies":[{"name":"wp","href":"https:\/\/api.w.org\/{rel}","templated":true}]}}