{"id":9108,"date":"2023-08-10T15:57:02","date_gmt":"2023-08-10T15:57:02","guid":{"rendered":"http:\/\/avozdecambra.pt\/?p=9108"},"modified":"2023-08-10T16:03:17","modified_gmt":"2023-08-10T16:03:17","slug":"cerveja-artesanal-e-animacao-vale-beer-fest-esta-de-volta-no-fim-de-semana-de-1-a-3-de-setembro","status":"publish","type":"post","link":"http:\/\/avozdecambra.pt\/?p=9108","title":{"rendered":"Cerveja artesanal e anima\u00e7\u00e3o &#8211; Vale Beer Fest est\u00e1 de volta no fim de semana de 1 a 3 de setembro"},"content":{"rendered":"\n<p><strong>O Festival de Cerveja Artesanal, Street Food e Anima\u00e7\u00e3o, Vale Beer Fest\u00a0 \u00e9 organizado pela C\u00e2mara de Vale de Cambra e vai realizar-se no fim de semana de 1 a 3 de setembro, no jardim do centro da cidade e sua envolvente. Durante estes tr\u00eas dias Vale de Cambra recebe um evento de conv\u00edvio e degusta\u00e7\u00e3o de v\u00e1rias cervejas artesanais.\u00a0<\/strong><\/p>\n\n\n\n<p>Est\u00e3o j\u00e1 confirmadas cinco marcas de cerveja artesanais de produtores, com v\u00e1rios estilos, protagonistas nacionais desta mostra.\u00a0<\/p>\n\n\n\n<p>A estes, juntam-se <em>showcookings<\/em>, degusta\u00e7\u00f5es de cerveja e ainda um programa direcionado a diferentes p\u00fablicos.\u00a0<\/p>\n\n\n\n<p>Haver\u00e1 ainda&nbsp;<em>street food<\/em>&nbsp;a complementar este Festival, uma iniciativa que pretende dar a conhecer as ofertas e conceitos gastron\u00f3micos da regi\u00e3o.&nbsp;<\/p>\n\n\n\n<p>O evento, que teve a sua primeira edi\u00e7\u00e3o, em 2022, com a participa\u00e7\u00e3o de nove cervejeiros, \u00e9 organizado pela C\u00e2mara Municipal de Vale de Cambra, pela segunda vez, para marcar posi\u00e7\u00e3o relativamente a uma bebida artesanal, da qual fazem parte marcas criadas por valecambrenses.\u00a0\u00a0<\/p>\n\n\n\n<p>A anima\u00e7\u00e3o vai tamb\u00e9m estar presente, com a atua\u00e7\u00e3o de bandas e DJ\u00b4s durante os tr\u00eas dias da festa.<\/p>\n\n\n\n<p>Programa\u00e7\u00e3o:<\/p>\n\n\n\n<p><strong>&gt; Dia 1, sexta-feira<\/strong><br>18h I Abertura<br><br>18h30<br>100 BATUTA &#8211; Street &amp; Big Band<br><br>19h<br>DJ diSCOLAGENS aka Jo\u00e3o Palavra<br><br>20h30<br>100 NATUTA &#8211; Street &amp; Big Band<br><br>22h<br>Wild Puppets Band<br><br>01h00<br>Encerramento<br><\/p>\n\n\n\n<p><strong>&gt; Dia 2, s\u00e1bado<\/strong><\/p>\n\n\n\n<p>15h I Abertura: M\u00fasica no Jardim<\/p>\n\n\n\n<p>15h30<br>Guilherme Bastos DJ Set<br><br>18h<br>BIG BOTTLE BAND<br><br>19h30<br>SHOWCOOKING<br><br>22h<br>SONS NO PATRIM\u00d3NIO, Org.: AMP<br>BEST YOUTH<br><br>01h00<br>Encerramento<\/p>\n\n\n\n<p><strong>&gt; Dia 3, domingo<\/strong><\/p>\n\n\n\n<p>15h I Abertura:&nbsp; M\u00fasica no Jardim<\/p>\n\n\n\n<p>15h30<br>DJ REBELO<br><br>16h30<br>JONATHAN DAWE<br><br>18h<br>DJ REBELO<br><br>19h30<br>MADE IN &#8211; Tributo Rock Portugu\u00eas<br><br>21h<br>Encerramento<\/p>\n\n\n\n<p>&nbsp;<\/p>\n","protected":false},"excerpt":{"rendered":"<p>O Festival de Cerveja Artesanal, Street Food e Anima\u00e7\u00e3o, Vale Beer Fest\u00a0 \u00e9 organizado pela C\u00e2mara de Vale de Cambra e vai realizar-se no fim de semana de 1 a 3 de setembro, no jardim do centro da cidade e sua envolvente. Durante estes tr\u00eas dias Vale de Cambra recebe um evento de conv\u00edvio e<\/p>\n","protected":false},"author":5,"featured_media":9109,"comment_status":"open","ping_status":"open","sticky":false,"template":"","format":"standard","meta":{"_monsterinsights_skip_tracking":false,"_monsterinsights_sitenote_active":false,"_monsterinsights_sitenote_note":"","_monsterinsights_sitenote_category":0,"footnotes":""},"categories":[585,1],"tags":[680],"class_list":{"0":"post-9108","1":"post","2":"type-post","3":"status-publish","4":"format-standard","5":"has-post-thumbnail","7":"category-agenda","8":"category-atual","9":"tag-vale-beer-fest"},"aioseo_notices":[],"_links":{"self":[{"href":"http:\/\/avozdecambra.pt\/index.php?rest_route=\/wp\/v2\/posts\/9108","targetHints":{"allow":["GET"]}}],"collection":[{"href":"http:\/\/avozdecambra.pt\/index.php?rest_route=\/wp\/v2\/posts"}],"about":[{"href":"http:\/\/avozdecambra.pt\/index.php?rest_route=\/wp\/v2\/types\/post"}],"author":[{"embeddable":true,"href":"http:\/\/avozdecambra.pt\/index.php?rest_route=\/wp\/v2\/users\/5"}],"replies":[{"embeddable":true,"href":"http:\/\/avozdecambra.pt\/index.php?rest_route=%2Fwp%2Fv2%2Fcomments&post=9108"}],"version-history":[{"count":2,"href":"http:\/\/avozdecambra.pt\/index.php?rest_route=\/wp\/v2\/posts\/9108\/revisions"}],"predecessor-version":[{"id":9112,"href":"http:\/\/avozdecambra.pt\/index.php?rest_route=\/wp\/v2\/posts\/9108\/revisions\/9112"}],"wp:featuredmedia":[{"embeddable":true,"href":"http:\/\/avozdecambra.pt\/index.php?rest_route=\/wp\/v2\/media\/9109"}],"wp:attachment":[{"href":"http:\/\/avozdecambra.pt\/index.php?rest_route=%2Fwp%2Fv2%2Fmedia&parent=9108"}],"wp:term":[{"taxonomy":"category","embeddable":true,"href":"http:\/\/avozdecambra.pt\/index.php?rest_route=%2Fwp%2Fv2%2Fcategories&post=9108"},{"taxonomy":"post_tag","embeddable":true,"href":"http:\/\/avozdecambra.pt\/index.php?rest_route=%2Fwp%2Fv2%2Ftags&post=9108"}],"curies":[{"name":"wp","href":"https:\/\/api.w.org\/{rel}","templated":true}]}}