{"id":920,"date":"2020-07-19T10:20:23","date_gmt":"2020-07-19T10:20:23","guid":{"rendered":"http:\/\/avozdecambra.pt\/?p=920"},"modified":"2020-07-19T14:07:22","modified_gmt":"2020-07-19T14:07:22","slug":"agencia-de-viagens-in-out-travel-junta-parceiros-para-redescobrir-regiao","status":"publish","type":"post","link":"http:\/\/avozdecambra.pt\/?p=920","title":{"rendered":"Ag\u00eancia de viagens In-Out-Travel junta parceiros para redescobrir regi\u00e3o"},"content":{"rendered":"\n<p><em>Com o levantamento de algumas medidas de restri\u00e7\u00e3o em cima da mesa, a ag\u00eancia de viagens In-Out-Travel comemora o primeiro ano de vida em plena pandemia, mas em torno de um objetivo: dar a conhecer a regi\u00e3o, em especial Vale de Cambra.&nbsp;<\/em><\/p>\n\n\n\n<p>Lidia Lima \u00e9 s\u00f3cia-gerente desta ag\u00eancia de viagens e amante da natureza. Habituada a explorar o concelho e a regi\u00e3o, acredita que&nbsp;\u00e9 por Vale de Cambra e concelhos vizinhos que todos devem come\u00e7ar a viajar, muito mais&nbsp; agora, em tempo de pandemia.<\/p>\n\n\n\n<p>O objetivo que a levou a criar a In-Out-Travel foi o de \u201ccolmatar algumas car\u00eancias no que concerne ao setor de turismo na regi\u00e3o\u201d, afirmou. Com o regresso \u00e0 \u201cnormalidade\u201d, a ag\u00eancia pretende ajudar a escolher quem quer partir, mas tamb\u00e9m quem quer por c\u00e1 ficar. \u201cQueremos ajudar a redescobrir as paisagens que nos est\u00e3o mais pr\u00f3ximas, as aldeias mais remotas, as nossas tradi\u00e7\u00f5es e os nossos h\u00e1bitos\u201d, refere.<\/p>\n\n\n\n<div class=\"wp-block-columns is-layout-flex wp-container-core-columns-is-layout-9d6595d7 wp-block-columns-is-layout-flex\">\n<div class=\"wp-block-column is-layout-flow wp-block-column-is-layout-flow\" style=\"flex-basis:33.33%\">\n<p>Tornar Vale de Cambra como destino de interesse tur\u00edstico tem sido um desafio, desde o in\u00edcio, admite Lidia Lima. \u201cApesar de termos j\u00e1 v\u00e1rios parceiros a trabalhar connosco na promo\u00e7\u00e3o do concelho, ainda existe um longo caminho a percorrer de forma a mudar a mentalidade da nossa comunidade\u201d, admite. A gerente frisa a import\u00e2ncia dos valecambrenses conhecerem e darem valor \u00e0s potencialida- des do seu concelho. \u201c\u00c9 quase imposs\u00edvel recebermos turistas c\u00e1 e deixarmos marcas \u00fanicas que os fa\u00e7am voltar quando a pr\u00f3pria comunidade desconhece ou desvaloriza as potencialidades do territ\u00f3rio\u201d, alerta. Para isso, a ag\u00eancia de viagens tem desenvolvido projetos internos para criar roteiros din\u00e2micos e organizar alguns eventos promocionais. <\/p>\n\n\n\n<p>\u201c\u00c9 tempo de ir \u00e0 luta e fazermos valer o que h\u00e1 realmente bom nesta terra, porque mesmo que n\u00e3o houvesse pontes, ru\u00ednas, igrejas ou museus, temos algo de inigual\u00e1vel, que s\u00e3o as pessoas, as gentes da nossa terra que podem contar as melhores hist\u00f3rias, no melhor ambiente e regado pelo melhor vinho\u201d, refor\u00e7a.&nbsp;<\/p>\n<\/div>\n\n\n\n<div class=\"wp-block-column is-layout-flow wp-block-column-is-layout-flow\" style=\"flex-basis:66.66%\">\n<figure class=\"wp-block-image size-large\"><img loading=\"lazy\" decoding=\"async\" width=\"800\" height=\"534\" src=\"http:\/\/avozdecambra.pt\/wp-content\/uploads\/2020\/07\/inou-travel_2-1.jpg\" alt=\"\" class=\"wp-image-962\" srcset=\"http:\/\/avozdecambra.pt\/wp-content\/uploads\/2020\/07\/inou-travel_2-1.jpg 800w, http:\/\/avozdecambra.pt\/wp-content\/uploads\/2020\/07\/inou-travel_2-1-300x200.jpg 300w, http:\/\/avozdecambra.pt\/wp-content\/uploads\/2020\/07\/inou-travel_2-1-768x513.jpg 768w\" sizes=\"auto, (max-width: 800px) 100vw, 800px\" \/><\/figure>\n<\/div>\n<\/div>\n\n\n\n<p>Em tempos de pandemia, a s\u00f3cia-gerente aconselha \u00e0queles que pretendem viajar a procurarem os meios mais adequados (ag\u00eancias de viagens) para reservarem as suas viagens e procurem obter o m\u00e1ximo de informa\u00e7\u00e3o do destino e as suas restri\u00e7\u00f5es, tendo sempre a no\u00e7\u00e3o de que tudo depende da evolu\u00e7\u00e3o da pandemia e, por isso, existir sempre a possibilidade da sua viagem ser cancelada. \u201cTalvez seja tempo de percorrer caminhos nacionais e descobrir o que tantos v\u00eam de t\u00e3o longe encontrar\u201d, salienta ainda. A In Out travel est\u00e1 aberta a mais parcerias e deixa aqui um repto. \u201cA todos os que acreditam ser poss\u00edvel trabalhar em conjunto, juntarem-se a n\u00f3s na promo\u00e7\u00e3o da nossa regi\u00e3o, estamos sempre abertosanovassinergias\u201d. Ajovemempresa, sediada no centro da cidade de Vale de Cambra, em frente \u00e0 Pra\u00e7a \u00c1lvaro Pinho da Costa Leite, tem para oferecer um servi\u00e7o persona- lizado, com uma equipa profissional e com longa experi\u00eancia no ramo do turismo. A In Out Travel tem como produtos principais: a venda de bilhetes de avi\u00e3o, autocarro, comboio e barco; aluguer de todo o tipo de viaturas; reserva de hot\u00e9is e outros tipos de alojamentos certificados; reserva de parques tem\u00e1ticos; excurs\u00f5es organizadas; check in; altera\u00e7\u00f5es de reservas; reservas de cruzeiros nacionais e internacionais; transferes nacionais e internacionais; reserva de parques de estacionamento e assist\u00eancia de viagem.<\/p>\n","protected":false},"excerpt":{"rendered":"<p>Com o levantamento de algumas medidas de restri\u00e7\u00e3o em cima da mesa, a ag\u00eancia de viagens In-Out-Travel comemora o primeiro ano de vida em plena pandemia, mas em torno de um objetivo: dar a conhecer a regi\u00e3o, em especial Vale de Cambra.&nbsp; Lidia Lima \u00e9 s\u00f3cia-gerente desta ag\u00eancia de viagens e amante da natureza. Habituada<\/p>\n","protected":false},"author":1,"featured_media":958,"comment_status":"open","ping_status":"open","sticky":false,"template":"","format":"standard","meta":{"_monsterinsights_skip_tracking":false,"_monsterinsights_sitenote_active":false,"_monsterinsights_sitenote_note":"","_monsterinsights_sitenote_category":0,"footnotes":""},"categories":[20],"tags":[132,140,136,22],"class_list":{"0":"post-920","1":"post","2":"type-post","3":"status-publish","4":"format-standard","5":"has-post-thumbnail","7":"category-publireportagem","8":"tag-132","9":"tag-in-out-travel","10":"tag-junho-2020","11":"tag-publicidade"},"aioseo_notices":[],"_links":{"self":[{"href":"http:\/\/avozdecambra.pt\/index.php?rest_route=\/wp\/v2\/posts\/920","targetHints":{"allow":["GET"]}}],"collection":[{"href":"http:\/\/avozdecambra.pt\/index.php?rest_route=\/wp\/v2\/posts"}],"about":[{"href":"http:\/\/avozdecambra.pt\/index.php?rest_route=\/wp\/v2\/types\/post"}],"author":[{"embeddable":true,"href":"http:\/\/avozdecambra.pt\/index.php?rest_route=\/wp\/v2\/users\/1"}],"replies":[{"embeddable":true,"href":"http:\/\/avozdecambra.pt\/index.php?rest_route=%2Fwp%2Fv2%2Fcomments&post=920"}],"version-history":[{"count":15,"href":"http:\/\/avozdecambra.pt\/index.php?rest_route=\/wp\/v2\/posts\/920\/revisions"}],"predecessor-version":[{"id":975,"href":"http:\/\/avozdecambra.pt\/index.php?rest_route=\/wp\/v2\/posts\/920\/revisions\/975"}],"wp:featuredmedia":[{"embeddable":true,"href":"http:\/\/avozdecambra.pt\/index.php?rest_route=\/wp\/v2\/media\/958"}],"wp:attachment":[{"href":"http:\/\/avozdecambra.pt\/index.php?rest_route=%2Fwp%2Fv2%2Fmedia&parent=920"}],"wp:term":[{"taxonomy":"category","embeddable":true,"href":"http:\/\/avozdecambra.pt\/index.php?rest_route=%2Fwp%2Fv2%2Fcategories&post=920"},{"taxonomy":"post_tag","embeddable":true,"href":"http:\/\/avozdecambra.pt\/index.php?rest_route=%2Fwp%2Fv2%2Ftags&post=920"}],"curies":[{"name":"wp","href":"https:\/\/api.w.org\/{rel}","templated":true}]}}