{"id":943,"date":"2020-07-18T10:27:49","date_gmt":"2020-07-18T10:27:49","guid":{"rendered":"http:\/\/avozdecambra.pt\/?p=943"},"modified":"2020-07-18T10:27:50","modified_gmt":"2020-07-18T10:27:50","slug":"dr-manuel-luciano-da-silva","status":"publish","type":"post","link":"http:\/\/avozdecambra.pt\/?p=943","title":{"rendered":"Dr. Manuel Luciano da Silva"},"content":{"rendered":"\n<p><strong><em>Di\u00e1spora Cambrense<\/em><\/strong><\/p>\n\n\n\n<figure class=\"wp-block-image size-large\"><img loading=\"lazy\" decoding=\"async\" width=\"1024\" height=\"728\" src=\"http:\/\/avozdecambra.pt\/wp-content\/uploads\/2020\/07\/drLuciano.jpg\" alt=\"\" class=\"wp-image-947\" srcset=\"http:\/\/avozdecambra.pt\/wp-content\/uploads\/2020\/07\/drLuciano.jpg 1024w, http:\/\/avozdecambra.pt\/wp-content\/uploads\/2020\/07\/drLuciano-300x213.jpg 300w, http:\/\/avozdecambra.pt\/wp-content\/uploads\/2020\/07\/drLuciano-768x546.jpg 768w\" sizes=\"auto, (max-width: 1024px) 100vw, 1024px\" \/><figcaption>Dr. Luciano da Silva<\/figcaption><\/figure>\n\n\n\n<p>\u00a0O Dr. Manuel Luciano da Silva nasceu em Cavi\u00e3o a 5 de setembro de 1926. Frequentou a Escola Prim\u00e1ria em Cavi\u00e3o; Leix\u00f5es e Oliveira de Azem\u00e9is. Completou o Curso Geral dos Liceus no Col\u00e9gio de Oliveira de Azem\u00e9is. Em 1946 emigrou para Brooklyn juntamente com a m\u00e3e e um irm\u00e3o para se juntar ao pai. Trabalhou na Westinghouse Electric International Company e depois, como amanuense, no Consulado Geral de Portugal em Nova Iorque. Em 1948 entrou na Universidade de Nova Iorque, obtendo o bacharelato em Ci\u00eancias Biol\u00f3gicas em 1925. Nesse mesmo ano regressou a Portugal e foi admitido na Universidade de Coimbra, terminando o Curso de Medicina com distin\u00e7\u00e3o em 1957. Depois de exercer medicina em Portugal durante um ano, regressou aos Estados Unidos para fazer o internato no Saint Luke\u2019s Hospital em New Bedford. Desde 1963 foi membro s\u00f3cio do Centro M\u00e9dico do Condado de Bristol, Rhode Island. Foi Diretor M\u00e9dico da Rhode Island Veteran\u2019s Home em Bristol, durante 12 anos e M\u00e9dico-Chefe da Uni\u00e3o Portuguesa Continental, a maior organiza\u00e7\u00e3o luso-americana da Costa Leste dos U.S.A. Casou com a professora S\u00edlvia Tavares Jorge da Silva e teve dois filhos: Manuel (nascido a 10.03.1962) com duas filhas e Jos\u00e9 (nascido a 21.06.1964) com um filho e uma filha. Al\u00e9m da sua enorme pr\u00e1tica cl\u00ednica, o Dr. Luciano da Silva foi um grande investigador das inscri\u00e7\u00f5es da Pedra de Dighton, gravadas por Miguel Corte Real em 1511, escrevendo muitos artigos em portugu\u00eas e ingl\u00eas sobre esta mat\u00e9ria. Escreveu tamb\u00e9m v\u00e1rios livros sobre Hist\u00f3ria e Medicina, fez mais de 500 confer\u00eancias e palestras e atuou em muitos programas de r\u00e1dio e televis\u00e3o, educando o grande p\u00fabico sobre a Hist\u00f3ria Luso-Americana. Em 1973 foi co-fundador da \u201cAssocia\u00e7\u00e3o dos Amigos do Museu da Pedra de Dighton\u201d, sendo seu Presidente at\u00e9 \u00e0 morte.\u00a0 Oficial da Ordem do Infante D. Henrique (em 1968) e Comendador da Ordem de M\u00e9rito (em dezembro de 2012, a t\u00edtulo p\u00f3stumo), o Dr. Manuel Luciano da Silva recebeu imensas condecora\u00e7\u00f5es nos Estados Unidos e em Portugal, sendo tamb\u00e9m condecorado pela C\u00e2mara Municipal de Vale de Cambra, em 08.10.1996. Em 8 de outubro de 1996, recebeu no sal\u00e3o nobre da C\u00e2mara Municipal de Vale de Cambra a Placa de M\u00e9rito \u201ccomo emigrante exemplar que tem enaltecido o nome de Vale de Cambra no pa\u00eds e no mundo\u201d. Em 18 de maio de1998, o Sr. \u00c1lvaro Pinho da Costa Leite, conjuntamente com mais 26 valecambrenses ilustres, outorgaram a Associa\u00e7\u00e3o Dr. Manuel Luciano da Silva, respons\u00e1vel pelo restauro da casa onde ele nasceu, ao lado da Biblioteca-Museu com o seu nome, inaugurada em 13 de junho de 2001. O cineasta portugu\u00eas Manoel de Oliveira realizou um filme sobre a sua vida, premiado na Bienal de Veneza em 2008. Os Estados Unidos homenagearam este not\u00e1vel Portugu\u00eas com um busto em sua mem\u00f3ria, inaugurado no dia 5 de setembro de 2014 no centro de Bristol, cidade onde residiu e onde teve morte inesperada a 21 de outubro de 2012, com 86 anos de idade.<\/p>\n\n\n\n<p>Este foi o mais ilustre elemento da \u201cDi\u00e1spora Cambrense\u201d nos Estados Unidos.<\/p>\n\n\n\n<p style=\"background-color:#fff1cc\" class=\"has-background\"><strong>Publicou v\u00e1rias obras, em ingl\u00eas e portugu\u00eas:\u00a0<\/strong><br><em>Portuguese Pilgrims and Dighton Rock (1971);<\/em><br><em>A Electricidade do Amor (1984);<\/em><br><em>The True Antilhas, Newfoundland and Nova Scotia (1987);<\/em><br><em>Columbus was 100% Portuguese (1987),<\/em><br><em>co-autor com a sua esposa S\u00edlvia Jorge da Silva &#8211; traduzido e publicado em Portugal com o t\u00edtulo Cristov\u00e3o Colon (Colombo) era Portugu\u00eas (1\u00aa edi\u00e7\u00e3o, 2006);<\/em><br><em>The Religious and Mythological Powers in the name of Crist\u00f3v\u00e3o Colon (1991);<\/em><br><em>The Pope Alexander VI and Cristofom Colon (1992);<\/em><br><em>The First Queen of Bristol, Rhode Island, was 100% Portuguese (1993);<\/em><br><em>I Made another discovery (1994);<\/em><br><em>As Mis\u00e9rias da Escola N\u00e1utica de Sagres.<\/em><\/p>\n\n\n\n<p><\/p>\n","protected":false},"excerpt":{"rendered":"<p>Di\u00e1spora Cambrense \u00a0O Dr. Manuel Luciano da Silva nasceu em Cavi\u00e3o a 5 de setembro de 1926. Frequentou a Escola Prim\u00e1ria em Cavi\u00e3o; Leix\u00f5es e Oliveira de Azem\u00e9is. Completou o Curso Geral dos Liceus no Col\u00e9gio de Oliveira de Azem\u00e9is. Em 1946 emigrou para Brooklyn juntamente com a m\u00e3e e um irm\u00e3o para se juntar<\/p>\n","protected":false},"author":1,"featured_media":946,"comment_status":"open","ping_status":"open","sticky":false,"template":"","format":"standard","meta":{"_monsterinsights_skip_tracking":false,"_monsterinsights_sitenote_active":false,"_monsterinsights_sitenote_note":"","_monsterinsights_sitenote_category":0,"footnotes":""},"categories":[7],"tags":[132,133,135,134,136,15],"class_list":{"0":"post-943","1":"post","2":"type-post","3":"status-publish","4":"format-standard","5":"has-post-thumbnail","7":"category-opiniao","8":"tag-132","9":"tag-adolfo-coutinho","10":"tag-diaspora-cambrense","11":"tag-dr-luciano","12":"tag-junho-2020","13":"tag-opiniao"},"aioseo_notices":[],"_links":{"self":[{"href":"http:\/\/avozdecambra.pt\/index.php?rest_route=\/wp\/v2\/posts\/943","targetHints":{"allow":["GET"]}}],"collection":[{"href":"http:\/\/avozdecambra.pt\/index.php?rest_route=\/wp\/v2\/posts"}],"about":[{"href":"http:\/\/avozdecambra.pt\/index.php?rest_route=\/wp\/v2\/types\/post"}],"author":[{"embeddable":true,"href":"http:\/\/avozdecambra.pt\/index.php?rest_route=\/wp\/v2\/users\/1"}],"replies":[{"embeddable":true,"href":"http:\/\/avozdecambra.pt\/index.php?rest_route=%2Fwp%2Fv2%2Fcomments&post=943"}],"version-history":[{"count":1,"href":"http:\/\/avozdecambra.pt\/index.php?rest_route=\/wp\/v2\/posts\/943\/revisions"}],"predecessor-version":[{"id":948,"href":"http:\/\/avozdecambra.pt\/index.php?rest_route=\/wp\/v2\/posts\/943\/revisions\/948"}],"wp:featuredmedia":[{"embeddable":true,"href":"http:\/\/avozdecambra.pt\/index.php?rest_route=\/wp\/v2\/media\/946"}],"wp:attachment":[{"href":"http:\/\/avozdecambra.pt\/index.php?rest_route=%2Fwp%2Fv2%2Fmedia&parent=943"}],"wp:term":[{"taxonomy":"category","embeddable":true,"href":"http:\/\/avozdecambra.pt\/index.php?rest_route=%2Fwp%2Fv2%2Fcategories&post=943"},{"taxonomy":"post_tag","embeddable":true,"href":"http:\/\/avozdecambra.pt\/index.php?rest_route=%2Fwp%2Fv2%2Ftags&post=943"}],"curies":[{"name":"wp","href":"https:\/\/api.w.org\/{rel}","templated":true}]}}