{"id":9574,"date":"2023-10-27T09:38:00","date_gmt":"2023-10-27T09:38:00","guid":{"rendered":"http:\/\/avozdecambra.pt\/?p=9574"},"modified":"2023-11-15T09:37:22","modified_gmt":"2023-11-15T09:37:22","slug":"aecoa-projeto-move-envolveu-cerca-de-um-milhao-de-euros-para-uma-centena-de-pmes","status":"publish","type":"post","link":"http:\/\/avozdecambra.pt\/?p=9574","title":{"rendered":"AECOA. Projeto Move envolveu cerca de um milh\u00e3o de euros para uma centena de PME\u00b4s"},"content":{"rendered":"\n<p><strong>Projeto Forma\u00e7\u00e3o-A\u00e7\u00e3o da AECOA terminou a 30 de abril 2023<\/strong><\/p>\n\n\n\n<p><strong>Foram 98 as empresas que aderiram ao projeto Move PME \u2013 2.\u00ba Ciclo, executado pela AECOA. Com um investimento de quase um milh\u00e3o de euros, este programa envolveu cerca de 1500 intervenientes nas mais de duas centenas de a\u00e7\u00f5es, com um volume de forma\u00e7\u00e3o-a\u00e7\u00e3o de 70 mil horas aproximadamente.<\/strong><\/p>\n\n\n\n<p>O projeto Forma\u00e7\u00e3o-A\u00e7\u00e3o Move PME \u2013 2.\u00ba Ciclo da Associa\u00e7\u00e3o Empresarial do Concelho de Oliveira de Azem\u00e9is (AECOA) apresentou \u00f3timos resultados, tendo em conta os dois primeiros anos de execu\u00e7\u00e3o, que ficaram marcados por uma conjuntura pand\u00e9mica, que n\u00e3o poupou ningu\u00e9m, muito menos as empresas. Para al\u00e9m disso, a sua dimens\u00e3o \u2013 inicialmente para 90 PME \u2013 vislumbrou-se, desde cedo, como um enorme desafio para esta Associa\u00e7\u00e3o Empresarial, tornando-se o maior programa que j\u00e1 teve entre m\u00e3os, nomeadamente ao n\u00edvel do investimento envolvido, que ascendeu a quase um milh\u00e3o de euros.<\/p>\n\n\n\n<p>Com o seu encerramento oficial a 30 de abril \u00faltimo, o tempo \u00e9 de balan\u00e7o, um balan\u00e7o de facto positivo. Este projeto conseguiu envolver mais oito empresas do que as previstas em sede de candidatura, alargando a sua interven\u00e7\u00e3o a um total de 98 PME do que resultou mais de 220 a\u00e7\u00f5es, distribu\u00eddas por quatro grandes tem\u00e1ticas: Economia Digital (35 empresas aderentes), Organiza\u00e7\u00e3o e Gest\u00e3o (30), Sistemas de Gest\u00e3o (21) e Capitalizar: Otimiza\u00e7\u00e3o de Recursos Financeiros (12). Contas feitas, o projeto Move PME \u2013 2.\u00ba Ciclo envolveu mais de 1500 intervenientes nas a\u00e7\u00f5es de Consultoria e de Forma\u00e7\u00e3o, entre os quais gestores e quadros superiores das unidades empresariais que aderiram ao programa, cuja entidade promotora \u00e9 AECOA e o Organismo Interm\u00e9dio (OI) \u00e9 a Associa\u00e7\u00e3o Industrial Portuguesa (AIP) \/ C\u00e2mara de Com\u00e9rcio e Ind\u00fastria, com sede em Lisboa. Importa referir, tamb\u00e9m, que os \u00edndices de volume de forma\u00e7\u00e3o previstos foram praticamente atingidos com as 70 mil horas de forma\u00e7\u00e3o-a\u00e7\u00e3o ministradas por um conjunto de consultores\/formadores com muitos anos de experi\u00eancia, selecionados da Bolsa de Consultores\/Formadores desta Associa\u00e7\u00e3o Empresarial.<\/p>\n\n\n\n<p>O Projeto Forma\u00e7\u00e3o \u2013 A\u00e7\u00e3o MOVE PME \u2013 2.\u00ba Ciclo \u00e9 financiado pelo Portugal 2020, no \u00e2mbito do Programa Operacional Competitividade e Internacionaliza\u00e7\u00e3o, no montante de 924.718,96 euros, dos quais 832.247,06 euros s\u00e3o provenientes do Fundo Social Europeu (FSE).&nbsp;<\/p>\n\n\n\n<p><strong>PT 2030 prev\u00ea projetos deste tipo<\/strong><\/p>\n\n\n\n<p>A Forma\u00e7\u00e3o-A\u00e7\u00e3o \u00e9 uma metodologia de capacita\u00e7\u00e3o empresarial, que articula a Consultoria individualizada e a Forma\u00e7\u00e3o <em>on-the-job<\/em> (na pr\u00f3pria empresa), tendo ainda uma componente formativa interempresas (entre v\u00e1rias empresas), com vista ao desenvolvimento de compet\u00eancias dos gestores e quadros superiores, entre outros colaboradores, e consequente aumento da competitividade das PME.<\/p>\n\n\n\n<p>Apesar do momento ser ainda de contas finais para os v\u00e1rios projetos que a AECOA promoveu apoiados pelo Portugal 2020, a prepara\u00e7\u00e3o para as novas candidaturas \u00e9 uma preocupa\u00e7\u00e3o premente da Associa\u00e7\u00e3o Empresarial do Concelho de Oliveira de Azem\u00e9is, que se mant\u00e9m atenta aos diversos Avisos que v\u00e3o saindo no \u00e2mbito do Quadro Comunit\u00e1rio Portugal 2030 (PT2030). Este p\u00f5e em pr\u00e1tica o Acordo de Parceria entre Portugal e a Comiss\u00e3o Europeia para aplicar 23 mil milh\u00f5es de euros dos fundos europeus em projetos que estimulem e desenvolvam a economia portuguesa, entre 2021 e 2027.<\/p>\n\n\n\n<p>Tudo indica que o PT2030 integre tamb\u00e9m programas do tipo Forma\u00e7\u00e3o-A\u00e7\u00e3o, dirigidos \u00e0 gest\u00e3o de topo, apresentando, no entanto, algumas <em>nuances<\/em> diferenciadoras em termos de enquadramento e execu\u00e7\u00e3o.<\/p>\n\n\n\n<figure class=\"wp-block-image size-large\"><img loading=\"lazy\" decoding=\"async\" width=\"874\" height=\"1024\" src=\"http:\/\/avozdecambra.pt\/wp-content\/uploads\/2023\/11\/4-874x1024.jpg\" alt=\"\" class=\"wp-image-9575\" srcset=\"http:\/\/avozdecambra.pt\/wp-content\/uploads\/2023\/11\/4-874x1024.jpg 874w, http:\/\/avozdecambra.pt\/wp-content\/uploads\/2023\/11\/4-256x300.jpg 256w, http:\/\/avozdecambra.pt\/wp-content\/uploads\/2023\/11\/4-768x899.jpg 768w, http:\/\/avozdecambra.pt\/wp-content\/uploads\/2023\/11\/4-1312x1536.jpg 1312w, http:\/\/avozdecambra.pt\/wp-content\/uploads\/2023\/11\/4-1749x2048.jpg 1749w, http:\/\/avozdecambra.pt\/wp-content\/uploads\/2023\/11\/4-150x176.jpg 150w, http:\/\/avozdecambra.pt\/wp-content\/uploads\/2023\/11\/4-450x527.jpg 450w, http:\/\/avozdecambra.pt\/wp-content\/uploads\/2023\/11\/4-1200x1405.jpg 1200w\" sizes=\"auto, (max-width: 874px) 100vw, 874px\" \/><figcaption><strong><em>Esta \u00e9 j\u00e1 a segunda vez que a AECOA executa este programa de Forma\u00e7\u00e3o-A\u00e7\u00e3o (foto de arquivo)<\/em><\/strong><\/figcaption><\/figure>\n\n\n\n<p><\/p>\n","protected":false},"excerpt":{"rendered":"<p>Projeto Forma\u00e7\u00e3o-A\u00e7\u00e3o da AECOA terminou a 30 de abril 2023 Foram 98 as empresas que aderiram ao projeto Move PME \u2013 2.\u00ba Ciclo, executado pela AECOA. Com um investimento de quase um milh\u00e3o de euros, este programa envolveu cerca de 1500 intervenientes nas mais de duas centenas de a\u00e7\u00f5es, com um volume de forma\u00e7\u00e3o-a\u00e7\u00e3o de<\/p>\n","protected":false},"author":1,"featured_media":9576,"comment_status":"open","ping_status":"open","sticky":false,"template":"","format":"standard","meta":{"_monsterinsights_skip_tracking":false,"_monsterinsights_sitenote_active":false,"_monsterinsights_sitenote_note":"","_monsterinsights_sitenote_category":0,"footnotes":""},"categories":[20,646],"tags":[710],"class_list":{"0":"post-9574","1":"post","2":"type-post","3":"status-publish","4":"format-standard","5":"has-post-thumbnail","7":"category-publireportagem","8":"category-regiao","9":"tag-aecoa"},"aioseo_notices":[],"_links":{"self":[{"href":"http:\/\/avozdecambra.pt\/index.php?rest_route=\/wp\/v2\/posts\/9574","targetHints":{"allow":["GET"]}}],"collection":[{"href":"http:\/\/avozdecambra.pt\/index.php?rest_route=\/wp\/v2\/posts"}],"about":[{"href":"http:\/\/avozdecambra.pt\/index.php?rest_route=\/wp\/v2\/types\/post"}],"author":[{"embeddable":true,"href":"http:\/\/avozdecambra.pt\/index.php?rest_route=\/wp\/v2\/users\/1"}],"replies":[{"embeddable":true,"href":"http:\/\/avozdecambra.pt\/index.php?rest_route=%2Fwp%2Fv2%2Fcomments&post=9574"}],"version-history":[{"count":1,"href":"http:\/\/avozdecambra.pt\/index.php?rest_route=\/wp\/v2\/posts\/9574\/revisions"}],"predecessor-version":[{"id":9577,"href":"http:\/\/avozdecambra.pt\/index.php?rest_route=\/wp\/v2\/posts\/9574\/revisions\/9577"}],"wp:featuredmedia":[{"embeddable":true,"href":"http:\/\/avozdecambra.pt\/index.php?rest_route=\/wp\/v2\/media\/9576"}],"wp:attachment":[{"href":"http:\/\/avozdecambra.pt\/index.php?rest_route=%2Fwp%2Fv2%2Fmedia&parent=9574"}],"wp:term":[{"taxonomy":"category","embeddable":true,"href":"http:\/\/avozdecambra.pt\/index.php?rest_route=%2Fwp%2Fv2%2Fcategories&post=9574"},{"taxonomy":"post_tag","embeddable":true,"href":"http:\/\/avozdecambra.pt\/index.php?rest_route=%2Fwp%2Fv2%2Ftags&post=9574"}],"curies":[{"name":"wp","href":"https:\/\/api.w.org\/{rel}","templated":true}]}}