{"id":966,"date":"2020-07-19T10:51:50","date_gmt":"2020-07-19T10:51:50","guid":{"rendered":"http:\/\/avozdecambra.pt\/?p=966"},"modified":"2020-07-19T14:05:31","modified_gmt":"2020-07-19T14:05:31","slug":"__trashed","status":"publish","type":"post","link":"http:\/\/avozdecambra.pt\/?p=966","title":{"rendered":"Sens Parf\u00e9e &#8211; Aqui pode comprar cosm\u00e9ticos e detergentes ecol\u00f3gicos a granel"},"content":{"rendered":"\n<p><em>A Sens Parf\u00e9e \u00e9 uma loja dedicada \u00e0 venda de cosm\u00e9ticos e detergentes ecol\u00f3gicos e amigos do ambiente. Aqui, os produtos podem ser adquiridos a granel, comprando apenas o que pretende e evitando o desperd\u00edcio de embalagens.<\/em><\/p>\n\n\n\n<p>A ideia partiu de Ricardo Caetano, quando ainda estava emigrado no Luxemburgo. Sens Parf\u00e9e abriu, este ano, em Vale de Cambra, sua terra natal, com o principal foco de oferecer um conceito diferente no mercado de produtos biol\u00f3gicos e biodegrad\u00e1veis. A loja, sediada em frente ao Mercado Municipal de Vale de Cambra, disponibiliza uma vasta gama de perfumes e produtos de limpeza de alta qualidade, a um pre\u00e7o acess\u00edvel.<\/p>\n\n\n\n<p>S\u00e3o mais de 100 perfumes diferentes, direcionados para mulheres, homens, mas tamb\u00e9m para crian\u00e7as, com col\u00f3nias sem \u00e1lcool. Seguindo a tend\u00eancia do mercado, a loja apresenta ainda perfumes para o cabelo. Para al\u00e9m dos produtos de cosm\u00e9tica org\u00e2nicos, com \u00e1guas termais, Sens Parf\u00e9e tem para oferecer uma vasta gama de difusores de vara e ambientadores de autom\u00f3veis com \u00f3leos naturais.<\/p>\n\n\n\n<p>Os produtos s\u00e3o certificados e os ingredientes utilizados s\u00e3o de origem vegetal e biodegrad\u00e1veis e os aromas s\u00e3o provenientes de \u00f3leos essenciais de primeira qualidade. Esta empresa aposta na sustentabilidade do meio ambiente e, como tal, promove a reutiliza\u00e7\u00e3o das embalagens.<\/p>\n\n\n\n<p>\u201cO cliente pode trazer qualquer embalagem que tenha dispon\u00edvel em casa para reutilizar. O objetivo \u00e9 reutilizar e n\u00e3o obrigar o cliente a adquirir uma embalagem nova no nosso espa\u00e7o\u201d, explica o gerente.\u00a0<\/p>\n\n\n\n<p>A Sens Parf\u00e9e pretende ser a fonte de inspira\u00e7\u00e3o para si e para a cria\u00e7\u00e3o de um ambiente agrad\u00e1vel em sua casa. Para isso, tem para oferecer produtos de bem-estar acess\u00edveis, numa gama de artigos de ambienta\u00e7\u00e3o, prendas e acess\u00f3rios.<\/p>\n\n\n\n<p>Os seus produtos trazem a sensa\u00e7\u00e3o de aconchego para si e para a sua casa.<\/p>\n\n\n\n<p><strong>Tenha um \u201csentido perfumado\u201d!<\/strong> Conhe\u00e7a a vasta gama de produtos qualitativos e d\u00ea um toque \u00fanico a si pr\u00f3prio e \u00e0 sua casa!<\/p>\n\n\n\n<div class=\"wp-block-image\"><figure class=\"aligncenter size-full\"><img loading=\"lazy\" decoding=\"async\" width=\"800\" height=\"533\" src=\"http:\/\/avozdecambra.pt\/wp-content\/uploads\/2020\/07\/sens_02.jpg\" alt=\"\" class=\"wp-image-968\" srcset=\"http:\/\/avozdecambra.pt\/wp-content\/uploads\/2020\/07\/sens_02.jpg 800w, http:\/\/avozdecambra.pt\/wp-content\/uploads\/2020\/07\/sens_02-300x200.jpg 300w, http:\/\/avozdecambra.pt\/wp-content\/uploads\/2020\/07\/sens_02-768x512.jpg 768w\" sizes=\"auto, (max-width: 800px) 100vw, 800px\" \/><figcaption>Perfumes Sens Parf\u00e9e<\/figcaption><\/figure><\/div>\n","protected":false},"excerpt":{"rendered":"<p>A Sens Parf\u00e9e \u00e9 uma loja dedicada \u00e0 venda de cosm\u00e9ticos e detergentes ecol\u00f3gicos e amigos do ambiente. Aqui, os produtos podem ser adquiridos a granel, comprando apenas o que pretende e evitando o desperd\u00edcio de embalagens. A ideia partiu de Ricardo Caetano, quando ainda estava emigrado no Luxemburgo. Sens Parf\u00e9e abriu, este ano, em<\/p>\n","protected":false},"author":1,"featured_media":967,"comment_status":"open","ping_status":"open","sticky":false,"template":"","format":"standard","meta":{"_monsterinsights_skip_tracking":false,"_monsterinsights_sitenote_active":false,"_monsterinsights_sitenote_note":"","_monsterinsights_sitenote_category":0,"footnotes":""},"categories":[20],"tags":[132,136,22,141],"class_list":{"0":"post-966","1":"post","2":"type-post","3":"status-publish","4":"format-standard","5":"has-post-thumbnail","7":"category-publireportagem","8":"tag-132","9":"tag-junho-2020","10":"tag-publicidade","11":"tag-sens-parfee"},"aioseo_notices":[],"_links":{"self":[{"href":"http:\/\/avozdecambra.pt\/index.php?rest_route=\/wp\/v2\/posts\/966","targetHints":{"allow":["GET"]}}],"collection":[{"href":"http:\/\/avozdecambra.pt\/index.php?rest_route=\/wp\/v2\/posts"}],"about":[{"href":"http:\/\/avozdecambra.pt\/index.php?rest_route=\/wp\/v2\/types\/post"}],"author":[{"embeddable":true,"href":"http:\/\/avozdecambra.pt\/index.php?rest_route=\/wp\/v2\/users\/1"}],"replies":[{"embeddable":true,"href":"http:\/\/avozdecambra.pt\/index.php?rest_route=%2Fwp%2Fv2%2Fcomments&post=966"}],"version-history":[{"count":4,"href":"http:\/\/avozdecambra.pt\/index.php?rest_route=\/wp\/v2\/posts\/966\/revisions"}],"predecessor-version":[{"id":972,"href":"http:\/\/avozdecambra.pt\/index.php?rest_route=\/wp\/v2\/posts\/966\/revisions\/972"}],"wp:featuredmedia":[{"embeddable":true,"href":"http:\/\/avozdecambra.pt\/index.php?rest_route=\/wp\/v2\/media\/967"}],"wp:attachment":[{"href":"http:\/\/avozdecambra.pt\/index.php?rest_route=%2Fwp%2Fv2%2Fmedia&parent=966"}],"wp:term":[{"taxonomy":"category","embeddable":true,"href":"http:\/\/avozdecambra.pt\/index.php?rest_route=%2Fwp%2Fv2%2Fcategories&post=966"},{"taxonomy":"post_tag","embeddable":true,"href":"http:\/\/avozdecambra.pt\/index.php?rest_route=%2Fwp%2Fv2%2Ftags&post=966"}],"curies":[{"name":"wp","href":"https:\/\/api.w.org\/{rel}","templated":true}]}}