{"id":9882,"date":"2024-01-30T11:02:54","date_gmt":"2024-01-30T11:02:54","guid":{"rendered":"http:\/\/avozdecambra.pt\/?p=9882"},"modified":"2024-01-31T09:52:07","modified_gmt":"2024-01-31T09:52:07","slug":"centro-da-vila-de-macieira-de-cambra-encheu-para-cantar-as-janeiras","status":"publish","type":"post","link":"http:\/\/avozdecambra.pt\/?p=9882","title":{"rendered":"<strong>Centro da vila de Macieira de Cambra encheu para cantar as Janeiras<\/strong>"},"content":{"rendered":"\n<p><strong>Aqui, a for\u00e7a da tradi\u00e7\u00e3o imperou, mais uma vez. O 23.\u00ba Encontro de Cantares de Janeiras levou, este domingo, \u00e0 Pra\u00e7a da Rep\u00fablica, em Macieira de Cambra, centenas de pessoas para ouvir e cantar as janeiras.<\/strong><\/p>\n\n\n\n<p><strong>Cristina Maria Santos&nbsp;<\/strong><\/p>\n\n\n\n<p>Percorreram as ruas da Pra\u00e7a e subiram ao placo do coreto do centro da Vila, a Casa do Professor de Vale de Cambra e Universidade S\u00e9nior de Vale de Cambra; o Grupo de Folclore \u201cTerras de Ar\u00f5es\u201d; o Rancho Folcl\u00f3rico \u201cA Primavera\u201d de Vila Cova de Perrinho; Grupo Recreativo, Desportivo e Cultural \u201cR\u00f4ge Futebol Clube\u201d; o Grupo Desportivo e Cultural \u201cEstrelas Vermelhas\u201d; o Grupo Folcl\u00f3rico e Etnogr\u00e1fico de S. Pedro de Castel\u00f5es;&nbsp;A Sociedade Art\u00edstica Banda de M\u00fasica de Vale de Cambra; O Grupo Etnogr\u00e1fico Terras de Cambra; e a Banda Musical \u201cFlor da Mocidade Junqueirense\u201d.&nbsp;<\/p>\n\n\n\n<p>O Encontro Concelhio de Cantares de Janeiras, que \u00e9 organizado pela C\u00e2mara Municipal de Vale de Cambra desde 2015, juntou grupos que apresentaram ao p\u00fablico um espet\u00e1culo de c\u00e2nticos populares. Este ano, o evento contou com a colabora\u00e7\u00e3o da junta de freguesia de Macieira de Cambra, que ofereceu um lanche conv\u00edvio aos elementos dos grupos participantes, no jardim da Pra\u00e7a. <\/p>\n\n\n\n<p>Para o ano, o evento vai acontecer na freguesia de R\u00f4ge. <\/p>\n\n\n\n<figure class=\"wp-block-image size-large\"><img loading=\"lazy\" decoding=\"async\" width=\"1024\" height=\"576\" src=\"http:\/\/avozdecambra.pt\/wp-content\/uploads\/2024\/01\/Sem-Ti\u0301tulo-1-Recuperado-Recuperado-1024x576.jpg\" alt=\"\" class=\"wp-image-9899\" srcset=\"http:\/\/avozdecambra.pt\/wp-content\/uploads\/2024\/01\/Sem-Ti\u0301tulo-1-Recuperado-Recuperado-1024x576.jpg 1024w, http:\/\/avozdecambra.pt\/wp-content\/uploads\/2024\/01\/Sem-Ti\u0301tulo-1-Recuperado-Recuperado-300x169.jpg 300w, http:\/\/avozdecambra.pt\/wp-content\/uploads\/2024\/01\/Sem-Ti\u0301tulo-1-Recuperado-Recuperado-768x432.jpg 768w, http:\/\/avozdecambra.pt\/wp-content\/uploads\/2024\/01\/Sem-Ti\u0301tulo-1-Recuperado-Recuperado-150x84.jpg 150w, http:\/\/avozdecambra.pt\/wp-content\/uploads\/2024\/01\/Sem-Ti\u0301tulo-1-Recuperado-Recuperado-450x253.jpg 450w, http:\/\/avozdecambra.pt\/wp-content\/uploads\/2024\/01\/Sem-Ti\u0301tulo-1-Recuperado-Recuperado.jpg 1200w\" sizes=\"auto, (max-width: 1024px) 100vw, 1024px\" \/><\/figure>\n\n\n\n<p><\/p>\n\n\n\n<p><\/p>\n","protected":false},"excerpt":{"rendered":"<p>Aqui, a for\u00e7a da tradi\u00e7\u00e3o imperou, mais uma vez. O 23.\u00ba Encontro de Cantares de Janeiras levou, este domingo, \u00e0 Pra\u00e7a da Rep\u00fablica, em Macieira de Cambra, centenas de pessoas para ouvir e cantar as janeiras. Cristina Maria Santos&nbsp; Percorreram as ruas da Pra\u00e7a e subiram ao placo do coreto do centro da Vila, a<\/p>\n","protected":false},"author":5,"featured_media":9883,"comment_status":"open","ping_status":"open","sticky":false,"template":"","format":"standard","meta":{"_monsterinsights_skip_tracking":false,"_monsterinsights_sitenote_active":false,"_monsterinsights_sitenote_note":"","_monsterinsights_sitenote_category":0,"footnotes":""},"categories":[1],"tags":[32,762,413],"class_list":{"0":"post-9882","1":"post","2":"type-post","3":"status-publish","4":"format-standard","5":"has-post-thumbnail","7":"category-atual","8":"tag-camara-municipal-de-vale-de-cambra","9":"tag-encontro-de-cantares-de-janeiras","10":"tag-junta-de-freguesia-de-macieira-de-cambra"},"aioseo_notices":[],"_links":{"self":[{"href":"http:\/\/avozdecambra.pt\/index.php?rest_route=\/wp\/v2\/posts\/9882","targetHints":{"allow":["GET"]}}],"collection":[{"href":"http:\/\/avozdecambra.pt\/index.php?rest_route=\/wp\/v2\/posts"}],"about":[{"href":"http:\/\/avozdecambra.pt\/index.php?rest_route=\/wp\/v2\/types\/post"}],"author":[{"embeddable":true,"href":"http:\/\/avozdecambra.pt\/index.php?rest_route=\/wp\/v2\/users\/5"}],"replies":[{"embeddable":true,"href":"http:\/\/avozdecambra.pt\/index.php?rest_route=%2Fwp%2Fv2%2Fcomments&post=9882"}],"version-history":[{"count":4,"href":"http:\/\/avozdecambra.pt\/index.php?rest_route=\/wp\/v2\/posts\/9882\/revisions"}],"predecessor-version":[{"id":9900,"href":"http:\/\/avozdecambra.pt\/index.php?rest_route=\/wp\/v2\/posts\/9882\/revisions\/9900"}],"wp:featuredmedia":[{"embeddable":true,"href":"http:\/\/avozdecambra.pt\/index.php?rest_route=\/wp\/v2\/media\/9883"}],"wp:attachment":[{"href":"http:\/\/avozdecambra.pt\/index.php?rest_route=%2Fwp%2Fv2%2Fmedia&parent=9882"}],"wp:term":[{"taxonomy":"category","embeddable":true,"href":"http:\/\/avozdecambra.pt\/index.php?rest_route=%2Fwp%2Fv2%2Fcategories&post=9882"},{"taxonomy":"post_tag","embeddable":true,"href":"http:\/\/avozdecambra.pt\/index.php?rest_route=%2Fwp%2Fv2%2Ftags&post=9882"}],"curies":[{"name":"wp","href":"https:\/\/api.w.org\/{rel}","templated":true}]}}